{"id":77907,"date":"2025-10-31T11:20:03","date_gmt":"2025-10-31T10:20:03","guid":{"rendered":"https:\/\/www.tiendanimal.es\/articulos\/?p=77907"},"modified":"2025-10-31T11:20:04","modified_gmt":"2025-10-31T10:20:04","slug":"historias-de-adopcion-emilio-jesus","status":"publish","type":"post","link":"https:\/\/www.tiendanimal.es\/articulos\/historias-de-adopcion-emilio-jesus\/","title":{"rendered":"Historias de adopci\u00f3n: Emilio y Jes\u00fas"},"content":{"rendered":"<div id=\"ez-toc-container\" class=\"ez-toc-v2_0_82_2 counter-hierarchy ez-toc-counter ez-toc-grey ez-toc-container-direction\">\n<div class=\"ez-toc-title-container\">\n<p class=\"ez-toc-title\" style=\"cursor:inherit\">\u00cdndice<\/p>\n<span class=\"ez-toc-title-toggle\"><a href=\"#\" class=\"ez-toc-pull-right ez-toc-btn ez-toc-btn-xs ez-toc-btn-default ez-toc-toggle\" aria-label=\"Alternar tabla de contenidos\"><span class=\"ez-toc-js-icon-con\"><span class=\"\"><span class=\"eztoc-hide\" style=\"display:none;\">Toggle<\/span><span class=\"ez-toc-icon-toggle-span\"><svg style=\"fill: #999;color:#999\" xmlns=\"http:\/\/www.w3.org\/2000\/svg\" class=\"list-377408\" width=\"20px\" height=\"20px\" viewBox=\"0 0 24 24\" fill=\"none\"><path d=\"M6 6H4v2h2V6zm14 0H8v2h12V6zM4 11h2v2H4v-2zm16 0H8v2h12v-2zM4 16h2v2H4v-2zm16 0H8v2h12v-2z\" fill=\"currentColor\"><\/path><\/svg><svg style=\"fill: #999;color:#999\" class=\"arrow-unsorted-368013\" xmlns=\"http:\/\/www.w3.org\/2000\/svg\" width=\"10px\" height=\"10px\" viewBox=\"0 0 24 24\" version=\"1.2\" baseProfile=\"tiny\"><path d=\"M18.2 9.3l-6.2-6.3-6.2 6.3c-.2.2-.3.4-.3.7s.1.5.3.7c.2.2.4.3.7.3h11c.3 0 .5-.1.7-.3.2-.2.3-.5.3-.7s-.1-.5-.3-.7zM5.8 14.7l6.2 6.3 6.2-6.3c.2-.2.3-.5.3-.7s-.1-.5-.3-.7c-.2-.2-.4-.3-.7-.3h-11c-.3 0-.5.1-.7.3-.2.2-.3.5-.3.7s.1.5.3.7z\"\/><\/svg><\/span><\/span><\/span><\/a><\/span><\/div>\n<nav><ul class='ez-toc-list ez-toc-list-level-1 ' ><li class='ez-toc-page-1 ez-toc-heading-level-2'><a class=\"ez-toc-link ez-toc-heading-1\" href=\"https:\/\/www.tiendanimal.es\/articulos\/historias-de-adopcion-emilio-jesus\/#Cuando_la_vida_cambia_de_rumbo_y_llega_un_gato_para_quedarse\" >Cuando la vida cambia de rumbo (y llega un gato para quedarse)<\/a><\/li><li class='ez-toc-page-1 ez-toc-heading-level-2'><a class=\"ez-toc-link ez-toc-heading-2\" href=\"https:\/\/www.tiendanimal.es\/articulos\/historias-de-adopcion-emilio-jesus\/#Un_encuentro_que_cambio_dos_vidas\" >Un encuentro que cambi\u00f3 dos vidas<\/a><\/li><li class='ez-toc-page-1 ez-toc-heading-level-2'><a class=\"ez-toc-link ez-toc-heading-3\" href=\"https:\/\/www.tiendanimal.es\/articulos\/historias-de-adopcion-emilio-jesus\/#La_nueva_vida_de_Emilio_de_la_timidez_al_carino_sin_reservas\" >La nueva vida de Emilio: de la timidez al cari\u00f1o sin reservas<\/a><\/li><\/ul><\/nav><\/div>\n\n<p>A veces basta con un clic, una foto o una mirada para que algo dentro de nosotros diga \u201cs\u00ed, este es el momento\u201d. As\u00ed empez\u00f3 la <strong>historia de Jes\u00fas y Emilio<\/strong>, un gato gordito y bonach\u00f3n que esperaba su segunda oportunidad desde una casa de acogida.<\/p>\n\n\n\n<p>A continuaci\u00f3n, descubre una historia que te emocionar\u00e1 \u2014de esas que te arrancan una sonrisa\u2026 y, quiz\u00e1, tambi\u00e9n una lagrimilla.<\/p>\n\n\n\n<h2 class=\"wp-block-heading\"><span class=\"ez-toc-section\" id=\"Cuando_la_vida_cambia_de_rumbo_y_llega_un_gato_para_quedarse\"><\/span>Cuando la vida cambia de rumbo (y llega un gato para quedarse)<span class=\"ez-toc-section-end\"><\/span><\/h2>\n\n\n\n<p>Jes\u00fas estaba a punto de casarse con Luc\u00eda y de empezar una nueva etapa. Poco antes de mudarse juntos, sinti\u00f3 que algo le faltaba para completar su nuevo hogar: la<strong> compa\u00f1\u00eda de un animal.<\/strong> En el pasado hab\u00eda tenido mascotas y guardaba muy buenos recuerdos, pero por su ritmo de trabajo no se ve\u00eda capaz de atender a un perro, con todo lo que implica sacarlo a pasear y dedicarle tiempo fuera de casa.<\/p>\n\n\n\n<p>Aun as\u00ed, el deseo de volver a compartir su vida con un compa\u00f1ero peludo segu\u00eda muy presente. Nunca hab\u00eda tenido<strong> un gato,<\/strong> pero la idea le despertaba curiosidad. Varios amigos suyos s\u00ed conviv\u00edan con felinos y todos coincid\u00edan en lo mismo: <strong>\u201csi lo haces, adopta\u201d<\/strong>.<\/p>\n\n\n\n<p>Con esa idea en mente, Jes\u00fas comenz\u00f3 a informarse y pronto lleg\u00f3 a la web de <strong><a href=\"https:\/\/www.tiendanimal.es\/servicios\/adopta-con-tiendanimal\/\" target=\"_blank\" rel=\"noreferrer noopener\">Adopta con Tiendanimal<\/a><\/strong>. All\u00ed, entre muchas historias y miradas que ped\u00edan una oportunidad, apareci\u00f3 <strong>Emilio<\/strong>: un gato de unos seis meses, regordete y con una expresi\u00f3n tan simp\u00e1tica que le sac\u00f3 una sonrisa al instante. <\/p>\n\n\n\n<div style=\"height:10px\" aria-hidden=\"true\" class=\"wp-block-spacer\"><\/div>\n\n\n\n<figure class=\"wp-block-image aligncenter size-full is-resized\"><img decoding=\"async\" width=\"554\" height=\"740\" src=\"https:\/\/www.tiendanimal.es\/articulos\/wp-content\/uploads\/2025\/10\/adopcion-gato-emilio-adopta-con-tiendanimal.jpeg\" alt=\"Adopci\u00f3n de Emilio en Tiendanimal\" class=\"wp-image-77923\" style=\"width:332px;height:auto\" srcset=\"https:\/\/www.tiendanimal.es\/articulos\/wp-content\/uploads\/2025\/10\/adopcion-gato-emilio-adopta-con-tiendanimal.jpeg 554w, https:\/\/www.tiendanimal.es\/articulos\/wp-content\/uploads\/2025\/10\/adopcion-gato-emilio-adopta-con-tiendanimal-225x300.jpeg 225w\" sizes=\"(max-width: 554px) 100vw, 554px\" \/><\/figure>\n\n\n\n<div style=\"height:10px\" aria-hidden=\"true\" class=\"wp-block-spacer\"><\/div>\n\n\n\n<p>En su ficha contaban que era algo t\u00edmido y asustadizo, pero eso no le fren\u00f3. Al contrario, le despert\u00f3 a\u00fan m\u00e1s ganas de conocerlo. Sin pensarlo demasiado, Jes\u00fas <strong>complet\u00f3 la solicitud de adopci\u00f3n,<\/strong> y poco despu\u00e9s la protectora encargada se puso en contacto con \u00e9l.<\/p>\n\n\n\n<h2 class=\"wp-block-heading\"><span class=\"ez-toc-section\" id=\"Un_encuentro_que_cambio_dos_vidas\"><\/span>Un encuentro que cambi\u00f3 dos vidas<span class=\"ez-toc-section-end\"><\/span><\/h2>\n\n\n\n<p>La protectora que cuidaba de Emilio contact\u00f3 con Jes\u00fas para concertar una visita. El gato viv\u00eda en una casa de acogida, tras haber sido rescatado <strong>de una gatera abandonada en la sierra<\/strong>, donde lo encontraron <strong>solo, sin comida y muy asustado<\/strong>.<\/p>\n\n\n\n<blockquote class=\"wp-block-quote is-layout-flow wp-block-quote-is-layout-flow\">\n<p>\u201cMe dio mucha pena cuando me contaron que lo encontraron metido en una gatera, d\u00e9bil, como si lo hubieran abandonado sin opci\u00f3n de escape para que se muriera all\u00ed. Ese acto <strong>tan cruel<\/strong> me hirvi\u00f3 la sangre\u201d, recuerda Jes\u00fas.<\/p>\n<\/blockquote>\n\n\n\n<figure class=\"wp-block-gallery has-nested-images columns-default is-cropped wp-block-gallery-1 is-layout-flex wp-block-gallery-is-layout-flex\">\n<figure class=\"wp-block-image size-large\"><img decoding=\"async\" width=\"416\" height=\"740\" data-id=\"77921\" src=\"https:\/\/www.tiendanimal.es\/articulos\/wp-content\/uploads\/2025\/10\/historia-adopcion-emilio-adopta-con-tiendanimal-1.jpeg\" alt=\"Historia de adopci\u00f3n de Emilio con Adopta con Tiendanimal\" class=\"wp-image-77921\" srcset=\"https:\/\/www.tiendanimal.es\/articulos\/wp-content\/uploads\/2025\/10\/historia-adopcion-emilio-adopta-con-tiendanimal-1.jpeg 416w, https:\/\/www.tiendanimal.es\/articulos\/wp-content\/uploads\/2025\/10\/historia-adopcion-emilio-adopta-con-tiendanimal-1-169x300.jpeg 169w\" sizes=\"(max-width: 416px) 100vw, 416px\" \/><\/figure>\n\n\n\n<figure class=\"wp-block-image size-large\"><img decoding=\"async\" width=\"506\" height=\"740\" data-id=\"77920\" src=\"https:\/\/www.tiendanimal.es\/articulos\/wp-content\/uploads\/2025\/10\/historia-adopcion-gato-emilio.jpeg\" alt=\"Adopci\u00f3n del gatito Emilio, descubre su historia\" class=\"wp-image-77920\" srcset=\"https:\/\/www.tiendanimal.es\/articulos\/wp-content\/uploads\/2025\/10\/historia-adopcion-gato-emilio.jpeg 506w, https:\/\/www.tiendanimal.es\/articulos\/wp-content\/uploads\/2025\/10\/historia-adopcion-gato-emilio-205x300.jpeg 205w\" sizes=\"(max-width: 506px) 100vw, 506px\" \/><\/figure>\n<\/figure>\n\n\n\n<p>Aquella visita fue suficiente para tomar una decisi\u00f3n definitiva. No hab\u00eda dudas: <strong>Emilio se iba a casa con \u00e9l<\/strong>.<\/p>\n\n\n\n<blockquote class=\"wp-block-quote is-layout-flow wp-block-quote-is-layout-flow\">\n<p>\u201cQuise cambiar su vida para siempre y<strong> darle el hogar que se merec\u00eda<\/strong>\u201d, cuenta Jes\u00fas.<\/p>\n<\/blockquote>\n\n\n\n<h2 class=\"wp-block-heading\"><span class=\"ez-toc-section\" id=\"La_nueva_vida_de_Emilio_de_la_timidez_al_carino_sin_reservas\"><\/span>La nueva vida de Emilio: de la timidez al cari\u00f1o sin reservas<span class=\"ez-toc-section-end\"><\/span><\/h2>\n\n\n\n<p>Hoy, Emilio vive muy feliz en una casa donde no le falta cari\u00f1o. Tiene una<strong> familia que lo cuida,<\/strong> lo mima y le da todo el amor que alguna vez le falt\u00f3.<\/p>\n\n\n\n<p>Jes\u00fas cuenta que su hogar ha cambiado mucho desde entonces. Hace poco fue padre, y aunque por ahora no piensan ampliar la familia peluda, <strong>Emilio no est\u00e1 solo<\/strong>.<\/p>\n\n\n\n<blockquote class=\"wp-block-quote is-layout-flow wp-block-quote-is-layout-flow\">\n<p>\u201cAhora con la ni\u00f1a es bastante <strong>juguet\u00f3n y cari\u00f1oso<\/strong>, ya no queda nada del asustadizo gato que conoc\u00ed aquella vez\u201d, dice Jes\u00fas.<\/p>\n<\/blockquote>\n\n\n\n<figure class=\"wp-block-image size-full\"><img decoding=\"async\" width=\"899\" height=\"471\" src=\"https:\/\/www.tiendanimal.es\/articulos\/wp-content\/uploads\/2025\/10\/adopcion-amilio-jesus-ta.jpeg\" alt=\"Adopci\u00f3n del gato Emilio por Jes\u00fas en Tiendanimal\" class=\"wp-image-77917\" srcset=\"https:\/\/www.tiendanimal.es\/articulos\/wp-content\/uploads\/2025\/10\/adopcion-amilio-jesus-ta.jpeg 899w, https:\/\/www.tiendanimal.es\/articulos\/wp-content\/uploads\/2025\/10\/adopcion-amilio-jesus-ta-300x157.jpeg 300w, https:\/\/www.tiendanimal.es\/articulos\/wp-content\/uploads\/2025\/10\/adopcion-amilio-jesus-ta-768x402.jpeg 768w\" sizes=\"(max-width: 899px) 100vw, 899px\" \/><\/figure>\n\n\n\n<div style=\"height:10px\" aria-hidden=\"true\" class=\"wp-block-spacer\"><\/div>\n\n\n\n<p>Emilio encontr\u00f3 <strong>el hogar que merec\u00eda<\/strong>, y Jes\u00fas, sin buscarlo del todo, descubri\u00f3 en \u00e9l un compa\u00f1ero fiel con el que compartir su nueva vida.<\/p>\n\n\n\n<p class=\"has-background\" style=\"background-color:#e6f5db\">Cada a\u00f1o, miles de animales esperan una oportunidad como la que tuvo Emilio. En <strong>Adopta con Tiendanimal<\/strong>, colaboramos con protectoras de toda Espa\u00f1a para que m\u00e1s historias como esta se hagan realidad.<\/p>\n\n\n\n<div style=\"height:10px\" aria-hidden=\"true\" class=\"wp-block-spacer\"><\/div>\n\n\n\n<div class=\"wp-block-buttons is-content-justification-center is-layout-flex wp-container-core-buttons-is-layout-a89b3969 wp-block-buttons-is-layout-flex\">\n<div class=\"wp-block-button\"><a class=\"wp-block-button__link wp-element-button\" href=\"https:\/\/www.tiendanimal.es\/servicios\/adopta-con-tiendanimal\/\" target=\"_blank\" rel=\"noreferrer noopener\">Visitar Adopta con Tiendanimal<\/a><\/div>\n<\/div>\n\n\n\n<div style=\"height:25px\" aria-hidden=\"true\" class=\"wp-block-spacer\"><\/div>\n\n\n\n<p>Cada adopci\u00f3n tiene su propia historia, y todas merecen ser contadas. Conoce otras que tambi\u00e9n te llegar\u00e1n al coraz\u00f3n:<\/p>\n\n\n        <div class=\"grid\">\n        <div class=\"grid-sizer\"><\/div>\n                <a href=\"https:\/\/www.tiendanimal.es\/articulos\/historias-de-adopcion-isidro-maria-del-mar\/\" class=\"ds-analytics-blog-related-posts\" title=\"Historias de adopci\u00f3n: Isidro y Mar\u00eda del Mar\">\n            <div class=\"grid-item\">\n                <div style=\"background: url(https:\/\/www.tiendanimal.es\/articulos\/wp-content\/uploads\/2025\/09\/historia-de-adopcion-isidro-maria-del-mar-768x512.jpeg);background-size:cover;\n                background-position: center;background-repeat: no-repeat;height:230px;\">\n                <\/div>\n                <p class=\"slider-caption\">Historias de adopci\u00f3n: Isidro y Mar\u00eda del Mar<\/p>\n            <\/div>\n        <\/a>\n                <a href=\"https:\/\/www.tiendanimal.es\/articulos\/historias-de-adopcion-elisa-y-noche\/\" class=\"ds-analytics-blog-related-posts\" title=\"Historias de adopci\u00f3n: Elisa &amp; Noche\">\n            <div class=\"grid-item\">\n                <div style=\"background: url(https:\/\/www.tiendanimal.es\/articulos\/wp-content\/uploads\/2025\/06\/historias-de-adopcion-noche-elisa-768x512.jpg);background-size:cover;\n                background-position: center;background-repeat: no-repeat;height:230px;\">\n                <\/div>\n                <p class=\"slider-caption\">Historias de adopci\u00f3n: Elisa &amp; Noche<\/p>\n            <\/div>\n        <\/a>\n                <a href=\"https:\/\/www.tiendanimal.es\/articulos\/historias-de-adopcion-homer-y-loles\/\" class=\"ds-analytics-blog-related-posts\" title=\"Historias que dejan huella: Homer &amp; Loles\">\n            <div class=\"grid-item\">\n                <div style=\"background: url(https:\/\/www.tiendanimal.es\/articulos\/wp-content\/uploads\/2025\/05\/historia-de-adopcion-homer-loles-768x512.jpg);background-size:cover;\n                background-position: center;background-repeat: no-repeat;height:230px;\">\n                <\/div>\n                <p class=\"slider-caption\">Historias que dejan huella: Homer &amp; Loles<\/p>\n            <\/div>\n        <\/a>\n            <\/div>\n    <script src=\"https:\/\/www.tiendanimal.es\/articulos\/wp-content\/themes\/astra-child-ta\/assets\/js\/masonry.pkgd.js\"><\/script>\n    <script type=\"text\/javascript\">\n        var $grid = jQuery('.grid').masonry({\n            itemSelector: '.grid-item',\n            percentPosition: true,\n            columnWidth: '.grid-sizer'\n        });\n    <\/script>\n    \n\n\n\n<div style=\"height:25px\" aria-hidden=\"true\" class=\"wp-block-spacer\"><\/div>\n\n\n\n<p class=\"has-background\" style=\"background-color:#e6f5db\">Si t\u00fa tambi\u00e9n quieres ampliar la familia, en <strong><a href=\"https:\/\/www.tiendanimal.es\/\" target=\"_blank\" rel=\"noreferrer noopener\">Tiendanimal<\/a><\/strong> colaboramos con <strong>protectoras y asociaciones<\/strong> para ayudar a los animales que buscan un hogar. P\u00e1sate por cualquiera de\u00a0<strong><a href=\"https:\/\/tiendas.tiendanimal.es\/\" target=\"_blank\" rel=\"noreferrer noopener\">nuestras tiendas<\/a><\/strong>\u00a0y pregunta por nuestro\u00a0<strong>servicio de adopci\u00f3n<\/strong>. Adem\u00e1s, visita nuestra plataforma <strong><a href=\"https:\/\/www.tiendanimal.es\/servicios\/adopta-con-tiendanimal\/\" target=\"_blank\" rel=\"noreferrer noopener\">Adopta con Tiendanimal<\/a><\/strong> y encuentra al compa\u00f1ero de cuatro patas que lleva toda la vida esper\u00e1ndote. \u00a1Tu mejor amigo est\u00e1 aqu\u00ed!<\/p>\n","protected":false},"excerpt":{"rendered":"<p>Emilio fue rescatado cuando m\u00e1s lo necesitaba. Hoy vive feliz con Jes\u00fas y su familia gracias al programa Adopta con Tiendanimal. Conoce su emocionante historia.<\/p>\n","protected":false},"author":88,"featured_media":77916,"comment_status":"open","ping_status":"closed","sticky":false,"template":"","format":"standard","meta":{"_acf_changed":false,"_uag_custom_page_level_css":"","site-sidebar-layout":"default","site-content-layout":"","ast-site-content-layout":"default","site-content-style":"default","site-sidebar-style":"default","ast-global-header-display":"","ast-banner-title-visibility":"","ast-main-header-display":"","ast-hfb-above-header-display":"","ast-hfb-below-header-display":"","ast-hfb-mobile-header-display":"","site-post-title":"","ast-breadcrumbs-content":"","ast-featured-img":"","footer-sml-layout":"","theme-transparent-header-meta":"","adv-header-id-meta":"","stick-header-meta":"","header-above-stick-meta":"","header-main-stick-meta":"","header-below-stick-meta":"","astra-migrate-meta-layouts":"default","ast-page-background-enabled":"default","ast-page-background-meta":{"desktop":{"background-color":"var(--ast-global-color-5)","background-image":"","background-repeat":"repeat","background-position":"center center","background-size":"auto","background-attachment":"scroll","background-type":"","background-media":"","overlay-type":"","overlay-color":"","overlay-opacity":"","overlay-gradient":""},"tablet":{"background-color":"","background-image":"","background-repeat":"repeat","background-position":"center center","background-size":"auto","background-attachment":"scroll","background-type":"","background-media":"","overlay-type":"","overlay-color":"","overlay-opacity":"","overlay-gradient":""},"mobile":{"background-color":"","background-image":"","background-repeat":"repeat","background-position":"center center","background-size":"auto","background-attachment":"scroll","background-type":"","background-media":"","overlay-type":"","overlay-color":"","overlay-opacity":"","overlay-gradient":""}},"ast-content-background-meta":{"desktop":{"background-color":"var(--ast-global-color-4)","background-image":"","background-repeat":"repeat","background-position":"center center","background-size":"auto","background-attachment":"scroll","background-type":"","background-media":"","overlay-type":"","overlay-color":"","overlay-opacity":"","overlay-gradient":""},"tablet":{"background-color":"var(--ast-global-color-4)","background-image":"","background-repeat":"repeat","background-position":"center center","background-size":"auto","background-attachment":"scroll","background-type":"","background-media":"","overlay-type":"","overlay-color":"","overlay-opacity":"","overlay-gradient":""},"mobile":{"background-color":"var(--ast-global-color-4)","background-image":"","background-repeat":"repeat","background-position":"center center","background-size":"auto","background-attachment":"scroll","background-type":"","background-media":"","overlay-type":"","overlay-color":"","overlay-opacity":"","overlay-gradient":""}},"footnotes":""},"categories":[3506,3507],"tags":[3520],"class_list":["post-77907","post","type-post","status-publish","format-standard","has-post-thumbnail","hentry","category-territorio-animal","category-adopciones","tag-adopciones","generate-columns","tablet-grid-50","mobile-grid-100","grid-parent","grid-33"],"acf":[],"uagb_featured_image_src":{"full":["https:\/\/www.tiendanimal.es\/articulos\/wp-content\/uploads\/2025\/10\/historia-de-adopcion-emilio-jesus.jpeg",900,600,false],"thumbnail":["https:\/\/www.tiendanimal.es\/articulos\/wp-content\/uploads\/2025\/10\/historia-de-adopcion-emilio-jesus-150x150.jpeg",150,150,true],"medium":["https:\/\/www.tiendanimal.es\/articulos\/wp-content\/uploads\/2025\/10\/historia-de-adopcion-emilio-jesus-300x200.jpeg",300,200,true],"medium_large":["https:\/\/www.tiendanimal.es\/articulos\/wp-content\/uploads\/2025\/10\/historia-de-adopcion-emilio-jesus-768x512.jpeg",768,512,true],"large":["https:\/\/www.tiendanimal.es\/articulos\/wp-content\/uploads\/2025\/10\/historia-de-adopcion-emilio-jesus.jpeg",900,600,false],"1536x1536":["https:\/\/www.tiendanimal.es\/articulos\/wp-content\/uploads\/2025\/10\/historia-de-adopcion-emilio-jesus.jpeg",900,600,false],"2048x2048":["https:\/\/www.tiendanimal.es\/articulos\/wp-content\/uploads\/2025\/10\/historia-de-adopcion-emilio-jesus.jpeg",900,600,false]},"uagb_author_info":{"display_name":"Tiendanimal","author_link":"https:\/\/www.tiendanimal.es\/articulos\/author\/lucia\/"},"uagb_comment_info":0,"uagb_excerpt":"Emilio fue rescatado cuando m\u00e1s lo necesitaba. Hoy vive feliz con Jes\u00fas y su familia gracias al programa Adopta con Tiendanimal. Conoce su emocionante historia.","_links":{"self":[{"href":"https:\/\/www.tiendanimal.es\/articulos\/wp-json\/wp\/v2\/posts\/77907","targetHints":{"allow":["GET"]}}],"collection":[{"href":"https:\/\/www.tiendanimal.es\/articulos\/wp-json\/wp\/v2\/posts"}],"about":[{"href":"https:\/\/www.tiendanimal.es\/articulos\/wp-json\/wp\/v2\/types\/post"}],"author":[{"embeddable":true,"href":"https:\/\/www.tiendanimal.es\/articulos\/wp-json\/wp\/v2\/users\/88"}],"replies":[{"embeddable":true,"href":"https:\/\/www.tiendanimal.es\/articulos\/wp-json\/wp\/v2\/comments?post=77907"}],"version-history":[{"count":12,"href":"https:\/\/www.tiendanimal.es\/articulos\/wp-json\/wp\/v2\/posts\/77907\/revisions"}],"predecessor-version":[{"id":78009,"href":"https:\/\/www.tiendanimal.es\/articulos\/wp-json\/wp\/v2\/posts\/77907\/revisions\/78009"}],"wp:featuredmedia":[{"embeddable":true,"href":"https:\/\/www.tiendanimal.es\/articulos\/wp-json\/wp\/v2\/media\/77916"}],"wp:attachment":[{"href":"https:\/\/www.tiendanimal.es\/articulos\/wp-json\/wp\/v2\/media?parent=77907"}],"wp:term":[{"taxonomy":"category","embeddable":true,"href":"https:\/\/www.tiendanimal.es\/articulos\/wp-json\/wp\/v2\/categories?post=77907"},{"taxonomy":"post_tag","embeddable":true,"href":"https:\/\/www.tiendanimal.es\/articulos\/wp-json\/wp\/v2\/tags?post=77907"}],"curies":[{"name":"wp","href":"https:\/\/api.w.org\/{rel}","templated":true}]}}