        {"id":67440,"date":"2024-12-23T10:21:03","date_gmt":"2024-12-23T09:21:03","guid":{"rendered":"https:\/\/www.tiendanimal.es\/articulos\/?p=67440"},"modified":"2025-11-13T17:30:40","modified_gmt":"2025-11-13T16:30:40","slug":"resumen-hitos-2024-acciones-solidarias","status":"publish","type":"post","link":"https:\/\/www.tiendanimal.es\/articulos\/resumen-hitos-2024-acciones-solidarias\/","title":{"rendered":"Un 2024 inolvidable en Tiendanimal \u00a1Mira todo lo que conseguimos juntos!"},"content":{"rendered":"<div id=\"ez-toc-container\" class=\"ez-toc-v2_0_82_2 counter-hierarchy ez-toc-counter ez-toc-grey ez-toc-container-direction\">\n<div class=\"ez-toc-title-container\">\n<p class=\"ez-toc-title\" style=\"cursor:inherit\">\u00cdndice<\/p>\n<span class=\"ez-toc-title-toggle\"><a href=\"#\" class=\"ez-toc-pull-right ez-toc-btn ez-toc-btn-xs ez-toc-btn-default ez-toc-toggle\" aria-label=\"Alternar tabla de contenidos\"><span class=\"ez-toc-js-icon-con\"><span class=\"\"><span class=\"eztoc-hide\" style=\"display:none;\">Toggle<\/span><span class=\"ez-toc-icon-toggle-span\"><svg style=\"fill: #999;color:#999\" xmlns=\"http:\/\/www.w3.org\/2000\/svg\" class=\"list-377408\" width=\"20px\" height=\"20px\" viewBox=\"0 0 24 24\" fill=\"none\"><path d=\"M6 6H4v2h2V6zm14 0H8v2h12V6zM4 11h2v2H4v-2zm16 0H8v2h12v-2zM4 16h2v2H4v-2zm16 0H8v2h12v-2z\" fill=\"currentColor\"><\/path><\/svg><svg style=\"fill: #999;color:#999\" class=\"arrow-unsorted-368013\" xmlns=\"http:\/\/www.w3.org\/2000\/svg\" width=\"10px\" height=\"10px\" viewBox=\"0 0 24 24\" version=\"1.2\" baseProfile=\"tiny\"><path d=\"M18.2 9.3l-6.2-6.3-6.2 6.3c-.2.2-.3.4-.3.7s.1.5.3.7c.2.2.4.3.7.3h11c.3 0 .5-.1.7-.3.2-.2.3-.5.3-.7s-.1-.5-.3-.7zM5.8 14.7l6.2 6.3 6.2-6.3c.2-.2.3-.5.3-.7s-.1-.5-.3-.7c-.2-.2-.4-.3-.7-.3h-11c-.3 0-.5.1-.7.3-.2.2-.3.5-.3.7s.1.5.3.7z\"\/><\/svg><\/span><\/span><\/span><\/a><\/span><\/div>\n<nav><ul class='ez-toc-list ez-toc-list-level-1 ' ><li class='ez-toc-page-1 ez-toc-heading-level-2'><a class=\"ez-toc-link ez-toc-heading-1\" href=\"https:\/\/www.tiendanimal.es\/articulos\/resumen-hitos-2024-acciones-solidarias\/#Adopciones_Un_ano_de_historias_con_final_feliz\" >Adopciones: Un a\u00f1o de historias con final feliz<\/a><\/li><li class='ez-toc-page-1 ez-toc-heading-level-2'><a class=\"ez-toc-link ez-toc-heading-2\" href=\"https:\/\/www.tiendanimal.es\/articulos\/resumen-hitos-2024-acciones-solidarias\/#Donaciones_de_alimentos_que_llenan_comederos\" >Donaciones de alimentos que llenan comederos<\/a><\/li><li class='ez-toc-page-1 ez-toc-heading-level-2'><a class=\"ez-toc-link ez-toc-heading-3\" href=\"https:\/\/www.tiendanimal.es\/articulos\/resumen-hitos-2024-acciones-solidarias\/#Campana_de_ayuda_a_los_animales_afectados_por_la_DANA\" >Campa\u00f1a de ayuda a los animales afectados por la DANA<\/a><\/li><li class='ez-toc-page-1 ez-toc-heading-level-2'><a class=\"ez-toc-link ez-toc-heading-4\" href=\"https:\/\/www.tiendanimal.es\/articulos\/resumen-hitos-2024-acciones-solidarias\/#Tiendanimal_Educa_Mas_que_formacion_seguimos_fomentando_valores_y_empatia\" >Tiendanimal Educa: M\u00e1s que formaci\u00f3n, seguimos fomentando valores y empat\u00eda<\/a><\/li><li class='ez-toc-page-1 ez-toc-heading-level-2'><a class=\"ez-toc-link ez-toc-heading-5\" href=\"https:\/\/www.tiendanimal.es\/articulos\/resumen-hitos-2024-acciones-solidarias\/#%C2%A1Nueva_web_Adopta_con_Tiendanimal\" >\u00a1Nueva web! Adopta con Tiendanimal<\/a><\/li><li class='ez-toc-page-1 ez-toc-heading-level-2'><a class=\"ez-toc-link ez-toc-heading-6\" href=\"https:\/\/www.tiendanimal.es\/articulos\/resumen-hitos-2024-acciones-solidarias\/#Calendario_solidario_2025_Los_%C2%ABAbueletes%C2%BB_son_los_protas\" >Calendario solidario 2025: Los \u00abAbueletes\u00bb son los protas<\/a><\/li><li class='ez-toc-page-1 ez-toc-heading-level-2'><a class=\"ez-toc-link ez-toc-heading-7\" href=\"https:\/\/www.tiendanimal.es\/articulos\/resumen-hitos-2024-acciones-solidarias\/#XIX_Salon_de_la_Adopcion\" >XIX Sal\u00f3n de la Adopci\u00f3n<\/a><\/li><li class='ez-toc-page-1 ez-toc-heading-level-2'><a class=\"ez-toc-link ez-toc-heading-8\" href=\"https:\/\/www.tiendanimal.es\/articulos\/resumen-hitos-2024-acciones-solidarias\/#Cuando_ayudar_importa_campanas_que_dejan_huella\" >Cuando ayudar importa: campa\u00f1as que dejan huella<\/a><\/li><li class='ez-toc-page-1 ez-toc-heading-level-2'><a class=\"ez-toc-link ez-toc-heading-9\" href=\"https:\/\/www.tiendanimal.es\/articulos\/resumen-hitos-2024-acciones-solidarias\/#Otras_acciones_que_completan_un_ano_increible_en_Tiendanimal\" >Otras acciones que completan un a\u00f1o incre\u00edble en Tiendanimal<\/a><\/li><li class='ez-toc-page-1 ez-toc-heading-level-2'><a class=\"ez-toc-link ez-toc-heading-10\" href=\"https:\/\/www.tiendanimal.es\/articulos\/resumen-hitos-2024-acciones-solidarias\/#Historias_que_cambian_vidas_%C2%A1Gracias_por_adoptar\" >Historias que cambian vidas: \u00a1Gracias por adoptar!<\/a><\/li><\/ul><\/nav><\/div>\n\n<p>Este <strong>2024 <\/strong>ha sido un a\u00f1o lleno de retos, aventuras y, sobre todo, mucho amor por los animales. En <strong>Tiendanimal<\/strong>, no solo compartimos tu pasi\u00f3n por esos peludos que alegran nuestras vidas, sino que trabajamos cada d\u00eda para que su mundo sea mejor. Desde apoyar a protectoras hasta lanzar proyectos incre\u00edbles que fomentan la <strong>adopci\u00f3n<\/strong>, cuidan el <strong>medio ambiente<\/strong> y refuerzan la <strong>tenencia responsable<\/strong>, \u00a1este a\u00f1o hemos hecho de todo!<\/p>\n\n\n\n<p>Queremos invitarte a dar un paseo por los hitos que han marcado nuestro 2024. <strong>T\u00fa eres parte de esta familia<\/strong>, y nada de esto ser\u00eda posible sin tu apoyo y confianza. Sigue leyendo y descubre todo lo que hemos logrado, porque este a\u00f1o ha sido una aut\u00e9ntica aventura. \u00a1Y lo mejor est\u00e1 por venir! \ud83d\ude3b\ud83d\udc36<\/p>\n\n\n\n<div style=\"height:10px\" aria-hidden=\"true\" class=\"wp-block-spacer\"><\/div>\n\n\n\n<figure class=\"wp-block-embed is-type-video is-provider-youtube wp-block-embed-youtube wp-embed-aspect-16-9 wp-has-aspect-ratio\"><div class=\"wp-block-embed__wrapper\">\n<iframe title=\"Tiendanimal. 100% comprometidos \ud83d\udc9a\ud83d\udc36\ud83d\udc31\" width=\"500\" height=\"281\" src=\"https:\/\/www.youtube.com\/embed\/B1K4Ez0tFfU?feature=oembed\" frameborder=\"0\" allow=\"accelerometer; autoplay; clipboard-write; encrypted-media; gyroscope; picture-in-picture; web-share\" referrerpolicy=\"strict-origin-when-cross-origin\" allowfullscreen><\/iframe>\n<\/div><\/figure>\n\n\n\n<div style=\"height:10px\" aria-hidden=\"true\" class=\"wp-block-spacer\"><\/div>\n\n\n\n<h2 class=\"wp-block-heading\"><span class=\"ez-toc-section\" id=\"Adopciones_Un_ano_de_historias_con_final_feliz\"><\/span>Adopciones: Un a\u00f1o de historias con final feliz<span class=\"ez-toc-section-end\"><\/span><\/h2>\n\n\n\n<p>En Tiendanimal, estamos <strong>100% comprometidos<\/strong> con el bienestar animal. Este a\u00f1o hemos trabajado mano a mano con <strong>protectoras, asociaciones y comunidades<\/strong>, haciendo equipo para cambiar la vida de miles de animales. Porque sabemos que, detr\u00e1s de cada ladrido y cada ronroneo, hay un coraz\u00f3n que merece una segunda oportunidad.<\/p>\n\n\n\n<p><strong>\u00a1Y vaya si lo hemos conseguido!<\/strong> En 2024, nuestra colaboraci\u00f3n con m\u00e1s de <strong>625 protectoras<\/strong> ha marcado un antes y un despu\u00e9s para muchos compa\u00f1eros de cuatro patas:<\/p>\n\n\n\n<blockquote class=\"wp-block-quote is-layout-flow wp-block-quote-is-layout-flow\">\n<p>Este a\u00f1o hemos logrado que<strong> 3.500 animales <\/strong>encuentren el hogar que tanto merec\u00edan gracias a nuestro <strong>servicio de adopci\u00f3n.<\/strong><\/p>\n<\/blockquote>\n\n\n\n<p>Pero no vamos a parar aqu\u00ed. \u00a1Todav\u00eda quedan muchas vidas por cambiar! Si t\u00fa tambi\u00e9n quieres ser parte de esta misi\u00f3n, \u00a1an\u00edmate! La adopci\u00f3n no solo cambia la vida de un animal, sino que tambi\u00e9n transforma la tuya. \ud83d\udc95<\/p>\n\n\n\n<h2 class=\"wp-block-heading\"><span class=\"ez-toc-section\" id=\"Donaciones_de_alimentos_que_llenan_comederos\"><\/span>Donaciones de alimentos que llenan comederos<span class=\"ez-toc-section-end\"><\/span><\/h2>\n\n\n\n<blockquote class=\"wp-block-quote is-layout-flow wp-block-quote-is-layout-flow\">\n<p>Este 2024 hemos donado <strong>370.000 kg de alimentos<\/strong> a animales en situaci\u00f3n de necesidad.<\/p>\n<\/blockquote>\n\n\n\n<p>\u00bfY c\u00f3mo lo hemos logrado? Gracias a nuestras <strong>acciones solidarias y campa\u00f1as<\/strong>, como la <strong>\u00abGran Recogida Nacional de Alimentos\u00bb<\/strong>, una iniciativa que llevamos a cabo en todas <strong><a href=\"https:\/\/tiendas.tiendanimal.es\/\" target=\"_blank\" rel=\"noreferrer noopener\">nuestras tiendas<\/a><\/strong> cada <strong>primer s\u00e1bado del mes<\/strong>.<\/p>\n\n\n\n<p>Este a\u00f1o hemos demostrado que, juntos, podemos hacer cosas <strong>enormes<\/strong>. \u00a1Gracias por ayudarnos a que ning\u00fan comedero se quede vac\u00edo! \ud83d\udc95<\/p>\n\n\n\n<div style=\"height:10px\" aria-hidden=\"true\" class=\"wp-block-spacer\"><\/div>\n\n\n\n<figure class=\"wp-block-gallery has-nested-images columns-default is-cropped wp-block-gallery-1 is-layout-flex wp-block-gallery-is-layout-flex\">\n<figure class=\"wp-block-image size-full\"><img decoding=\"async\" width=\"900\" height=\"596\" data-id=\"67480\" src=\"https:\/\/www.tiendanimal.es\/articulos\/wp-content\/uploads\/2024\/12\/donaciones-dana-alimentos-animales.jpg\" alt=\"Donaciones protectoras\" class=\"wp-image-67480\" srcset=\"https:\/\/www.tiendanimal.es\/articulos\/wp-content\/uploads\/2024\/12\/donaciones-dana-alimentos-animales.jpg 900w, https:\/\/www.tiendanimal.es\/articulos\/wp-content\/uploads\/2024\/12\/donaciones-dana-alimentos-animales-300x199.jpg 300w, https:\/\/www.tiendanimal.es\/articulos\/wp-content\/uploads\/2024\/12\/donaciones-dana-alimentos-animales-768x509.jpg 768w\" sizes=\"(max-width: 900px) 100vw, 900px\" \/><\/figure>\n\n\n\n<figure class=\"wp-block-image size-full\"><img decoding=\"async\" width=\"900\" height=\"675\" data-id=\"67477\" src=\"https:\/\/www.tiendanimal.es\/articulos\/wp-content\/uploads\/2024\/12\/donaciones-dana.jpg\" alt=\"Donaciones DANA Valencia\" class=\"wp-image-67477\" srcset=\"https:\/\/www.tiendanimal.es\/articulos\/wp-content\/uploads\/2024\/12\/donaciones-dana.jpg 900w, https:\/\/www.tiendanimal.es\/articulos\/wp-content\/uploads\/2024\/12\/donaciones-dana-300x225.jpg 300w, https:\/\/www.tiendanimal.es\/articulos\/wp-content\/uploads\/2024\/12\/donaciones-dana-768x576.jpg 768w\" sizes=\"(max-width: 900px) 100vw, 900px\" \/><\/figure>\n\n\n\n<figure class=\"wp-block-image size-large\"><img decoding=\"async\" width=\"900\" height=\"554\" data-id=\"67479\" src=\"https:\/\/www.tiendanimal.es\/articulos\/wp-content\/uploads\/2024\/12\/donaciones-dana-animales.jpg\" alt=\"\" class=\"wp-image-67479\" srcset=\"https:\/\/www.tiendanimal.es\/articulos\/wp-content\/uploads\/2024\/12\/donaciones-dana-animales.jpg 900w, https:\/\/www.tiendanimal.es\/articulos\/wp-content\/uploads\/2024\/12\/donaciones-dana-animales-300x185.jpg 300w, https:\/\/www.tiendanimal.es\/articulos\/wp-content\/uploads\/2024\/12\/donaciones-dana-animales-768x473.jpg 768w\" sizes=\"(max-width: 900px) 100vw, 900px\" \/><\/figure>\n\n\n\n<figure class=\"wp-block-image size-large\"><img decoding=\"async\" width=\"900\" height=\"506\" data-id=\"67478\" src=\"https:\/\/www.tiendanimal.es\/articulos\/wp-content\/uploads\/2024\/12\/donaciones-dana-animales-alimentos.jpg\" alt=\"\" class=\"wp-image-67478\" srcset=\"https:\/\/www.tiendanimal.es\/articulos\/wp-content\/uploads\/2024\/12\/donaciones-dana-animales-alimentos.jpg 900w, https:\/\/www.tiendanimal.es\/articulos\/wp-content\/uploads\/2024\/12\/donaciones-dana-animales-alimentos-300x169.jpg 300w, https:\/\/www.tiendanimal.es\/articulos\/wp-content\/uploads\/2024\/12\/donaciones-dana-animales-alimentos-768x432.jpg 768w\" sizes=\"(max-width: 900px) 100vw, 900px\" \/><\/figure>\n\n\n\n<figure class=\"wp-block-image size-large\"><img decoding=\"async\" width=\"555\" height=\"740\" data-id=\"67482\" src=\"https:\/\/www.tiendanimal.es\/articulos\/wp-content\/uploads\/2024\/12\/donaciones-dana-valencia.jpg\" alt=\"\" class=\"wp-image-67482\" srcset=\"https:\/\/www.tiendanimal.es\/articulos\/wp-content\/uploads\/2024\/12\/donaciones-dana-valencia.jpg 555w, https:\/\/www.tiendanimal.es\/articulos\/wp-content\/uploads\/2024\/12\/donaciones-dana-valencia-225x300.jpg 225w\" sizes=\"(max-width: 555px) 100vw, 555px\" \/><\/figure>\n\n\n\n<figure class=\"wp-block-image size-large\"><img decoding=\"async\" width=\"900\" height=\"675\" data-id=\"67481\" src=\"https:\/\/www.tiendanimal.es\/articulos\/wp-content\/uploads\/2024\/12\/donaciones-protectoras.jpg\" alt=\"\" class=\"wp-image-67481\" srcset=\"https:\/\/www.tiendanimal.es\/articulos\/wp-content\/uploads\/2024\/12\/donaciones-protectoras.jpg 900w, https:\/\/www.tiendanimal.es\/articulos\/wp-content\/uploads\/2024\/12\/donaciones-protectoras-300x225.jpg 300w, https:\/\/www.tiendanimal.es\/articulos\/wp-content\/uploads\/2024\/12\/donaciones-protectoras-768x576.jpg 768w\" sizes=\"(max-width: 900px) 100vw, 900px\" \/><\/figure>\n<\/figure>\n\n\n\n<div style=\"height:10px\" aria-hidden=\"true\" class=\"wp-block-spacer\"><\/div>\n\n\n\n<h2 class=\"wp-block-heading\"><span class=\"ez-toc-section\" id=\"Campana_de_ayuda_a_los_animales_afectados_por_la_DANA\"><\/span>Campa\u00f1a de ayuda a los animales afectados por la DANA<span class=\"ez-toc-section-end\"><\/span><\/h2>\n\n\n\n<p>Este 2024, la <strong>DANA<\/strong> golpe\u00f3 con fuerza a varias comunidades, afectando a familias y tambi\u00e9n a miles de animales que quedaron en situaciones cr\u00edticas.<\/p>\n\n\n\n<p>Desde Tiendanimal activamos una <strong>campa\u00f1a extraordinaria de donaci\u00f3n<\/strong>, con puntos de recogida en nuestras tiendas y la posibilidad de donar los puntos del <strong><a href=\"https:\/\/www.tiendanimal.es\/premiumclub\" target=\"_blank\" rel=\"noreferrer noopener\">Premium Club<\/a><\/strong> en nuestra web. Gracias a vuestra generosidad, logramos reunir m\u00e1s de <strong>54.000 kg de alimentos<\/strong>, que llegaron directamente a los animales, protectoras y refugios afectados por esta cat\u00e1strofe.<\/p>\n\n\n\n<h2 class=\"wp-block-heading\"><span class=\"ez-toc-section\" id=\"Tiendanimal_Educa_Mas_que_formacion_seguimos_fomentando_valores_y_empatia\"><\/span>Tiendanimal Educa: M\u00e1s que formaci\u00f3n, seguimos fomentando valores y empat\u00eda<span class=\"ez-toc-section-end\"><\/span><\/h2>\n\n\n\n<p>En Tiendanimal creemos que el bienestar animal comienza con la educaci\u00f3n, y por eso este 2024, de la mano de Royal Canin, nuestro programa <strong>Tiendanimal Educa<\/strong> ha seguido creciendo y llevando su mensaje a los coles de los m\u00e1s peques.<\/p>\n\n\n\n<p>Este a\u00f1o hemos llevado nuestra <strong>\u00abGu\u00eda did\u00e1ctica para una tenencia responsable de los animales de compa\u00f1\u00eda\u00bb<\/strong> a colegios de toda Espa\u00f1a, impartiendo estos talleres gratuitos, de una manera din\u00e1mica y participativa. Ense\u00f1ando a los m\u00e1s peques a cuidar de nuestros adorables amigos peludos. Estos talleres no solo son educativos, \u00a1tambi\u00e9n son s\u00faper divertidos! Porque <strong>aprender a cuidar y respetar a los animales<\/strong> debe ser algo que emocione y motive a las nuevas generaciones.<\/p>\n\n\n\n<div style=\"height:10px\" aria-hidden=\"true\" class=\"wp-block-spacer\"><\/div>\n\n\n\n<iframe width=\"560\" height=\"315\" src=\"https:\/\/www.youtube.com\/embed\/RL3RIpv-6PU?si=HlAiTAmr0bAhKNOW\" title=\"YouTube video player\" frameborder=\"0\" allow=\"accelerometer; autoplay; clipboard-write; encrypted-media; gyroscope; picture-in-picture; web-share\" referrerpolicy=\"strict-origin-when-cross-origin\" allowfullscreen=\"\"><\/iframe>\n\n\n\n<div style=\"height:10px\" aria-hidden=\"true\" class=\"wp-block-spacer\"><\/div>\n\n\n\n<figure class=\"wp-block-table\"><table><tbody><tr><td><style>.ds-icon-mobile{display:none;}@media screen and (max-width: 767px) {.ds-icon-desktop{display:none;}.ds-icon-mobile{display:inline;}}<\/style><span style=\"color:#78b800\"><svg class=\"bi d-none d-sm-inline-block d-md-inline-block d-lg-inline-block d-xl-inline-block ds-icon-desktop\" width=\"35\" height=\"35\" fill=\"#78b800\"><use xlink:href=\"https:\/\/www.tiendanimal.es\/articulos\/wp-content\/plugins\/ds-icons\/bootstrap-icons\/bootstrap-icons.svg#info-circle\"\/><\/svg><svg class=\"bi d-inline-block d-sm-none d-md-none d-lg-none d-xl-none ds-icon-mobile\" width=\"35\" height=\"35\" fill=\"#78b800\"><use xlink:href=\"https:\/\/www.tiendanimal.es\/articulos\/wp-content\/plugins\/ds-icons\/bootstrap-icons\/bootstrap-icons.svg#info-circle\"\/><\/svg><\/span><\/td><td>Si quieres saber m\u00e1s sobre <strong>c\u00f3mo funcionan estos talleres<\/strong> o c\u00f3mo puedes llevarlos a tu centro educativo, no dudes en visitar nuestro siguiente post con todos los detalles: <strong><a href=\"https:\/\/www.tiendanimal.es\/articulos\/tiendanimal-educa\/\">Tiendanimal Educa 2.0<\/a><\/strong>.<\/td><\/tr><\/tbody><\/table><\/figure>\n\n\n\n<h2 class=\"wp-block-heading\"><span class=\"ez-toc-section\" id=\"%C2%A1Nueva_web_Adopta_con_Tiendanimal\"><\/span>\u00a1Nueva web! Adopta con Tiendanimal<span class=\"ez-toc-section-end\"><\/span><\/h2>\n\n\n\n<p>En Tiendanimal hemos dado un paso gigante para seguir cambiando vidas: <strong>lanzamos nuestra nueva web de adopciones, \u00ab<a href=\"https:\/\/adopciones.tiendanimal.es\/\" target=\"_blank\" rel=\"noreferrer noopener\">Adopta con Tiendanimal<\/a>\u00ab<\/strong>.<\/p>\n\n\n\n<p>Con esta nueva plataforma, queremos que encontrar al compa\u00f1ero peludo ideal sea m\u00e1s f\u00e1cil que nunca. Aqu\u00ed es donde las familias crecen o, mejor a\u00fan, donde nacen de la manera m\u00e1s especial.<\/p>\n\n\n\n<p>\u00bfTe animas a dar el paso? Descubre nuestra web de adopciones y encuentra a ese amigo que lleva toda su vida esper\u00e1ndote. <strong>Porque las mejores familias empiezan con una adopci\u00f3n.<\/strong> \ud83d\udc9a\ud83d\udc3e<\/p>\n\n\n\n<div style=\"height:10px\" aria-hidden=\"true\" class=\"wp-block-spacer\"><\/div>\n\n\n\n<div class=\"wp-block-buttons is-content-justification-center is-layout-flex wp-container-core-buttons-is-layout-a89b3969 wp-block-buttons-is-layout-flex\">\n<div class=\"wp-block-button\"><a class=\"wp-block-button__link wp-element-button\" href=\"https:\/\/adopciones.tiendanimal.es\/\" target=\"_blank\" rel=\"noreferrer noopener\">Descubrir web \u00abADOPTA CON TIENDANIMAL\u00bb<\/a><\/div>\n<\/div>\n\n\n\n<div style=\"height:10px\" aria-hidden=\"true\" class=\"wp-block-spacer\"><\/div>\n\n\n\n<h2 class=\"wp-block-heading\"><span class=\"ez-toc-section\" id=\"Calendario_solidario_2025_Los_%C2%ABAbueletes%C2%BB_son_los_protas\"><\/span>Calendario solidario 2025: Los \u00abAbueletes\u00bb son los protas<span class=\"ez-toc-section-end\"><\/span><\/h2>\n\n\n\n<p>Tras el \u00e9xito del calendario 2024, desde Tiendanimal quer\u00edamos empezar el a\u00f1o dando el protagonismo que merecen a esos animales que, aunque tienen m\u00e1s canas, siguen llenos de amor por dar. As\u00ed creamos nuestros <strong>calendarios solidarios<\/strong>, dedicados a los <strong>\u00ababueletes\u00bb<\/strong>, esos compa\u00f1eros de vida que, por su edad, tienen m\u00e1s dificultades para encontrar un hogar.<\/p>\n\n\n\n<p>En Espa\u00f1a, nos aliamos con la protectora <strong>\u00abLas Huellas de Thor\u00bb<\/strong> para contar las historias de<strong> 12 peludos s\u00e9niors<\/strong> que representan a miles de animales invisibles.<\/p>\n\n\n\n<div style=\"height:10px\" aria-hidden=\"true\" class=\"wp-block-spacer\"><\/div>\n\n\n\n<figure class=\"wp-block-image size-full\"><a href=\"https:\/\/www.tiendanimal.es\/tiendanimal-calendario-solidario\/KWK41719_M.html\" target=\"_blank\" rel=\"noopener\"><img decoding=\"async\" width=\"900\" height=\"471\" src=\"https:\/\/www.tiendanimal.es\/articulos\/wp-content\/uploads\/2024\/12\/calendarios-solidarios-tiendanimal.jpg\" alt=\"\" class=\"wp-image-67486\" srcset=\"https:\/\/www.tiendanimal.es\/articulos\/wp-content\/uploads\/2024\/12\/calendarios-solidarios-tiendanimal.jpg 900w, https:\/\/www.tiendanimal.es\/articulos\/wp-content\/uploads\/2024\/12\/calendarios-solidarios-tiendanimal-300x157.jpg 300w, https:\/\/www.tiendanimal.es\/articulos\/wp-content\/uploads\/2024\/12\/calendarios-solidarios-tiendanimal-768x402.jpg 768w\" sizes=\"(max-width: 900px) 100vw, 900px\" \/><\/a><\/figure>\n\n\n\n<div style=\"height:10px\" aria-hidden=\"true\" class=\"wp-block-spacer\"><\/div>\n\n\n\n<p class=\"has-background\" style=\"background-color:#e6f5db\">En <strong>Portugal<\/strong>, <strong>nos estrenamos <\/strong>con un calendario igual de especial, donde cada mes visibilizamos a un<strong> animal \u00abinvisible\u00bb<\/strong>: seniors, razas menos populares o aquellos que llevan a\u00f1os en refugios esperando una segunda oportunidad.<\/p>\n\n\n\n<h2 class=\"wp-block-heading\"><span class=\"ez-toc-section\" id=\"XIX_Salon_de_la_Adopcion\"><\/span>XIX Sal\u00f3n de la Adopci\u00f3n<span class=\"ez-toc-section-end\"><\/span><\/h2>\n\n\n\n<p>El 26 y 27 de octubre estuvimos presentes, por primera vez, en el <strong>XIX Sal\u00f3n de la Adopci\u00f3n de la Comunidad de Madrid<\/strong>, un evento clave para promover la tenencia responsable y el bienestar animal. Junto a <strong>varias protectoras<\/strong>, nos sumamos a esta jornada en la <strong>explanada del Puente del Rey en Madrid R\u00edo<\/strong>, donde miles de personas tuvieron la oportunidad de conocer a peludos que esperan una segunda oportunidad.<\/p>\n\n\n\n<p>Durante el evento, ofrecimos <strong>asesoramiento personalizado<\/strong> sobre alimentaci\u00f3n, accesorios, peluquer\u00eda y cuidados veterinarios. Tambi\u00e9n organizamos actividades educativas para los m\u00e1s peque\u00f1os y una <strong>zona de agility<\/strong> para disfrutar en familia.<\/p>\n\n\n\n<div style=\"height:10px\" aria-hidden=\"true\" class=\"wp-block-spacer\"><\/div>\n\n\n\n<figure class=\"wp-block-gallery has-nested-images columns-default is-cropped wp-block-gallery-2 is-layout-flex wp-block-gallery-is-layout-flex\">\n<figure class=\"wp-block-image size-large\"><img decoding=\"async\" width=\"900\" height=\"471\" data-id=\"67495\" src=\"https:\/\/www.tiendanimal.es\/articulos\/wp-content\/uploads\/2024\/12\/salon-de-la-adopcion-evento-1.jpg\" alt=\"\" class=\"wp-image-67495\" srcset=\"https:\/\/www.tiendanimal.es\/articulos\/wp-content\/uploads\/2024\/12\/salon-de-la-adopcion-evento-1.jpg 900w, https:\/\/www.tiendanimal.es\/articulos\/wp-content\/uploads\/2024\/12\/salon-de-la-adopcion-evento-1-300x157.jpg 300w, https:\/\/www.tiendanimal.es\/articulos\/wp-content\/uploads\/2024\/12\/salon-de-la-adopcion-evento-1-768x402.jpg 768w\" sizes=\"(max-width: 900px) 100vw, 900px\" \/><\/figure>\n\n\n\n<figure class=\"wp-block-image size-large\"><img decoding=\"async\" width=\"900\" height=\"471\" data-id=\"67496\" src=\"https:\/\/www.tiendanimal.es\/articulos\/wp-content\/uploads\/2024\/12\/salon-de-la-adopcion-ta-madrid.jpg\" alt=\"\" class=\"wp-image-67496\" srcset=\"https:\/\/www.tiendanimal.es\/articulos\/wp-content\/uploads\/2024\/12\/salon-de-la-adopcion-ta-madrid.jpg 900w, https:\/\/www.tiendanimal.es\/articulos\/wp-content\/uploads\/2024\/12\/salon-de-la-adopcion-ta-madrid-300x157.jpg 300w, https:\/\/www.tiendanimal.es\/articulos\/wp-content\/uploads\/2024\/12\/salon-de-la-adopcion-ta-madrid-768x402.jpg 768w\" sizes=\"(max-width: 900px) 100vw, 900px\" \/><\/figure>\n\n\n\n<figure class=\"wp-block-image size-large\"><img decoding=\"async\" width=\"900\" height=\"471\" data-id=\"67493\" src=\"https:\/\/www.tiendanimal.es\/articulos\/wp-content\/uploads\/2024\/12\/salon-de-la-adopcion-ta-1.jpg\" alt=\"\" class=\"wp-image-67493\" srcset=\"https:\/\/www.tiendanimal.es\/articulos\/wp-content\/uploads\/2024\/12\/salon-de-la-adopcion-ta-1.jpg 900w, https:\/\/www.tiendanimal.es\/articulos\/wp-content\/uploads\/2024\/12\/salon-de-la-adopcion-ta-1-300x157.jpg 300w, https:\/\/www.tiendanimal.es\/articulos\/wp-content\/uploads\/2024\/12\/salon-de-la-adopcion-ta-1-768x402.jpg 768w\" sizes=\"(max-width: 900px) 100vw, 900px\" \/><\/figure>\n\n\n\n<figure class=\"wp-block-image size-full\"><img decoding=\"async\" width=\"900\" height=\"471\" data-id=\"67494\" src=\"https:\/\/www.tiendanimal.es\/articulos\/wp-content\/uploads\/2024\/12\/salon-de-la-adopcion-1.jpg\" alt=\"Sal\u00f3n de la Adopci\u00f3n TA\" class=\"wp-image-67494\" srcset=\"https:\/\/www.tiendanimal.es\/articulos\/wp-content\/uploads\/2024\/12\/salon-de-la-adopcion-1.jpg 900w, https:\/\/www.tiendanimal.es\/articulos\/wp-content\/uploads\/2024\/12\/salon-de-la-adopcion-1-300x157.jpg 300w, https:\/\/www.tiendanimal.es\/articulos\/wp-content\/uploads\/2024\/12\/salon-de-la-adopcion-1-768x402.jpg 768w\" sizes=\"(max-width: 900px) 100vw, 900px\" \/><\/figure>\n<\/figure>\n\n\n\n<blockquote class=\"wp-block-quote is-layout-flow wp-block-quote-is-layout-flow\">\n<p>Con acciones como estas, seguimos fomentando una sociedad comprometida con la adopci\u00f3n, la tenencia<strong> responsable, el bienestar animal y el no al abandono.<\/strong><\/p>\n<\/blockquote>\n\n\n\n<h2 class=\"wp-block-heading\"><span class=\"ez-toc-section\" id=\"Cuando_ayudar_importa_campanas_que_dejan_huella\"><\/span>Cuando ayudar importa: campa\u00f1as que dejan huella<span class=\"ez-toc-section-end\"><\/span><\/h2>\n\n\n\n<p>Un a\u00f1o m\u00e1s, en Tiendanimal hemos apostado por <strong>campa\u00f1as que inspiran cambios positivos <\/strong>en nuestra sociedad. Desde apoyar a los gatetes callejeros hasta promover la adopci\u00f3n y la tenencia responsable, estas son algunas de las iniciativas que hemos realizado:<\/p>\n\n\n\n<ul class=\"wp-block-list\">\n<li><strong>\u00abAHORA M\u00c1S QUE NUNCA, TODOS CON LOS GATETES DE LA CALLE\u00bb<\/strong>: En mayo, llevamos a cabo una campa\u00f1a de donaci\u00f3n para apoyar a las colonias felinas durante la temporada de camadas. Si quieres saber m\u00e1s sobre <strong><a href=\"https:\/\/www.tiendanimal.es\/articulos\/colonias-de-gatos-controladas\/\">qu\u00e9 son y c\u00f3mo funcionan estas colonias<\/a><\/strong>, puedes leer nuestro post aqu\u00ed.<\/li>\n\n\n\n<li><strong>D\u00cdA INTERNACIONAL DEL PERRO GU\u00cdA<\/strong>: Este a\u00f1o seguimos celebrando el D\u00eda del Perro Gu\u00eda, poniendo foco en la importancia de la tenencia responsable y el papel vital que desempe\u00f1an estos incre\u00edbles compa\u00f1eros en la vida de muchas personas. \u00bfTe interesa saber m\u00e1s sobre ellos? No te pierdas nuestro post especial sobre <strong><a href=\"https:\/\/www.tiendanimal.es\/articulos\/perro-guia-labrador-retriever\/\">los perros gu\u00eda y sus cualidades<\/a><\/strong>.<\/li>\n\n\n\n<li><strong>\u00abCUANDO LOS HUMANOS FALLAMOS, ELLOS SE ECHAN UNA PATA\u00bb<\/strong>: Febrero fue el <strong>mes del amor en Tiendanimal<\/strong>, y lo celebramos contando historias reales de <strong>amistades \u00fanicas<\/strong> que surgen en refugios entre perros y gatos. Estas historias conmovedoras nos recuerdan que la <strong>adopci\u00f3n<\/strong> puede cambiar vidas y que, cuando las cosas se ponen dif\u00edciles, <strong>ellos siempre se echan una pata.<\/strong><\/li>\n<\/ul>\n\n\n\n<div style=\"height:10px\" aria-hidden=\"true\" class=\"wp-block-spacer\"><\/div>\n\n\n\n<figure class=\"wp-block-gallery has-nested-images columns-default is-cropped wp-block-gallery-3 is-layout-flex wp-block-gallery-is-layout-flex\">\n<figure class=\"wp-block-image size-large\"><img decoding=\"async\" width=\"900\" height=\"900\" data-id=\"67501\" src=\"https:\/\/www.tiendanimal.es\/articulos\/wp-content\/uploads\/2024\/12\/campana-colonias-gatos.jpg\" alt=\"\" class=\"wp-image-67501\" srcset=\"https:\/\/www.tiendanimal.es\/articulos\/wp-content\/uploads\/2024\/12\/campana-colonias-gatos.jpg 900w, https:\/\/www.tiendanimal.es\/articulos\/wp-content\/uploads\/2024\/12\/campana-colonias-gatos-300x300.jpg 300w, https:\/\/www.tiendanimal.es\/articulos\/wp-content\/uploads\/2024\/12\/campana-colonias-gatos-150x150.jpg 150w, https:\/\/www.tiendanimal.es\/articulos\/wp-content\/uploads\/2024\/12\/campana-colonias-gatos-768x768.jpg 768w\" sizes=\"(max-width: 900px) 100vw, 900px\" \/><\/figure>\n\n\n\n<figure class=\"wp-block-image size-large\"><img decoding=\"async\" width=\"900\" height=\"900\" data-id=\"67500\" src=\"https:\/\/www.tiendanimal.es\/articulos\/wp-content\/uploads\/2024\/12\/campana-mes-del-amor.jpg\" alt=\"\" class=\"wp-image-67500\" srcset=\"https:\/\/www.tiendanimal.es\/articulos\/wp-content\/uploads\/2024\/12\/campana-mes-del-amor.jpg 900w, https:\/\/www.tiendanimal.es\/articulos\/wp-content\/uploads\/2024\/12\/campana-mes-del-amor-300x300.jpg 300w, https:\/\/www.tiendanimal.es\/articulos\/wp-content\/uploads\/2024\/12\/campana-mes-del-amor-150x150.jpg 150w, https:\/\/www.tiendanimal.es\/articulos\/wp-content\/uploads\/2024\/12\/campana-mes-del-amor-768x768.jpg 768w\" sizes=\"(max-width: 900px) 100vw, 900px\" \/><\/figure>\n\n\n\n<figure class=\"wp-block-image size-large\"><img decoding=\"async\" width=\"900\" height=\"900\" data-id=\"67502\" src=\"https:\/\/www.tiendanimal.es\/articulos\/wp-content\/uploads\/2024\/12\/campana-perro-guia.jpg\" alt=\"\" class=\"wp-image-67502\" srcset=\"https:\/\/www.tiendanimal.es\/articulos\/wp-content\/uploads\/2024\/12\/campana-perro-guia.jpg 900w, https:\/\/www.tiendanimal.es\/articulos\/wp-content\/uploads\/2024\/12\/campana-perro-guia-300x300.jpg 300w, https:\/\/www.tiendanimal.es\/articulos\/wp-content\/uploads\/2024\/12\/campana-perro-guia-150x150.jpg 150w, https:\/\/www.tiendanimal.es\/articulos\/wp-content\/uploads\/2024\/12\/campana-perro-guia-768x768.jpg 768w\" sizes=\"(max-width: 900px) 100vw, 900px\" \/><\/figure>\n<\/figure>\n\n\n\n<div style=\"height:10px\" aria-hidden=\"true\" class=\"wp-block-spacer\"><\/div>\n\n\n\n<h2 class=\"wp-block-heading\"><span class=\"ez-toc-section\" id=\"Otras_acciones_que_completan_un_ano_increible_en_Tiendanimal\"><\/span>Otras acciones que completan un a\u00f1o incre\u00edble en Tiendanimal<span class=\"ez-toc-section-end\"><\/span><\/h2>\n\n\n\n<p>Este 2024 hemos llevado a cabo un sinf\u00edn de iniciativas que refuerzan nuestro compromiso no solo con los animales, sino tambi\u00e9n con la sostenibilidad, la educaci\u00f3n y la sociedad. Aqu\u00ed te contamos algunas de las m\u00e1s destacadas:<\/p>\n\n\n\n<ul class=\"wp-block-list\">\n<li><strong>Patrocinio Fundaci\u00f3n ONCE M\u00e1laga<\/strong>: Tuvimos el honor de patrocinar a tres equipos deportivos de la Fundaci\u00f3n ONCE de M\u00e1laga, equip\u00e1ndolos con todo lo necesario para que sigan demostrando que la<strong> inclusi\u00f3n y el deporte van de la mano.<\/strong><\/li>\n<\/ul>\n\n\n\n<figure class=\"wp-block-image aligncenter size-full is-resized\"><img decoding=\"async\" width=\"900\" height=\"471\" src=\"https:\/\/www.tiendanimal.es\/articulos\/wp-content\/uploads\/2024\/12\/patrocinios-equipo-fundacion-malaga.jpeg\" alt=\"Patrocinio equipo fundaci\u00f3n ONCE M\u00e1laga\" class=\"wp-image-67504\" style=\"width:675px;height:353px\" srcset=\"https:\/\/www.tiendanimal.es\/articulos\/wp-content\/uploads\/2024\/12\/patrocinios-equipo-fundacion-malaga.jpeg 900w, https:\/\/www.tiendanimal.es\/articulos\/wp-content\/uploads\/2024\/12\/patrocinios-equipo-fundacion-malaga-300x157.jpeg 300w, https:\/\/www.tiendanimal.es\/articulos\/wp-content\/uploads\/2024\/12\/patrocinios-equipo-fundacion-malaga-768x402.jpeg 768w\" sizes=\"(max-width: 900px) 100vw, 900px\" \/><\/figure>\n\n\n\n<ul class=\"wp-block-list\">\n<li><strong>Ferias de animales de compa\u00f1\u00eda: Un a\u00f1o repleto de encuentros<\/strong>: Estuvimos presentes en ferias por toda <strong>Espa\u00f1a y Portugal<\/strong>, donde conectamos con familias amantes de los animales para fomentar la <strong>tenencia responsable<\/strong> y recaudar donaciones para protectoras locales.<\/li>\n<\/ul>\n\n\n\n<figure class=\"wp-block-gallery has-nested-images columns-default is-cropped wp-block-gallery-4 is-layout-flex wp-block-gallery-is-layout-flex\">\n<figure class=\"wp-block-image size-large\"><img decoding=\"async\" width=\"900\" height=\"471\" data-id=\"67506\" src=\"https:\/\/www.tiendanimal.es\/articulos\/wp-content\/uploads\/2024\/12\/ferias-tiendanimal-animales.jpg\" alt=\"Ferias de mascotas Tiendanimal\" class=\"wp-image-67506\" srcset=\"https:\/\/www.tiendanimal.es\/articulos\/wp-content\/uploads\/2024\/12\/ferias-tiendanimal-animales.jpg 900w, https:\/\/www.tiendanimal.es\/articulos\/wp-content\/uploads\/2024\/12\/ferias-tiendanimal-animales-300x157.jpg 300w, https:\/\/www.tiendanimal.es\/articulos\/wp-content\/uploads\/2024\/12\/ferias-tiendanimal-animales-768x402.jpg 768w\" sizes=\"(max-width: 900px) 100vw, 900px\" \/><\/figure>\n\n\n\n<figure class=\"wp-block-image size-large\"><img decoding=\"async\" width=\"900\" height=\"471\" data-id=\"67507\" src=\"https:\/\/www.tiendanimal.es\/articulos\/wp-content\/uploads\/2024\/12\/ferias-tiendanimal-mundo-animal.jpg\" alt=\"Ferias de mascotas\" class=\"wp-image-67507\" srcset=\"https:\/\/www.tiendanimal.es\/articulos\/wp-content\/uploads\/2024\/12\/ferias-tiendanimal-mundo-animal.jpg 900w, https:\/\/www.tiendanimal.es\/articulos\/wp-content\/uploads\/2024\/12\/ferias-tiendanimal-mundo-animal-300x157.jpg 300w, https:\/\/www.tiendanimal.es\/articulos\/wp-content\/uploads\/2024\/12\/ferias-tiendanimal-mundo-animal-768x402.jpg 768w\" sizes=\"(max-width: 900px) 100vw, 900px\" \/><\/figure>\n<\/figure>\n\n\n\n<ul class=\"wp-block-list\">\n<li><strong>Medio ambiente<\/strong>: En junio, organizamos una semana dedicada a la sostenibilidad en la que llevamos a cabo actividades como talleres sobre <strong>consumo responsable<\/strong>, creaci\u00f3n de <strong>huertos urbanos<\/strong>, <strong>alimentaci\u00f3n y turismo sostenible<\/strong>. Adem\u00e1s, realizamos una limpieza de residuos en el <strong>paraje natural de Guadalhorce<\/strong> (M\u00e1laga) logrando un impacto positivo tanto en la comunidad como en el entorno.<\/li>\n<\/ul>\n\n\n\n<ul class=\"wp-block-list\">\n<li><strong>Colaboraci\u00f3n con CRIS Contra el C\u00e1ncer<\/strong>: Renovamos nuestro compromiso con <strong>CRIS Contra el C\u00e1ncer<\/strong>, una causa que seguimos apoyando con entusiasmo y dedicaci\u00f3n para generar un impacto real en la sociedad.<\/li>\n<\/ul>\n\n\n\n<figure class=\"wp-block-image aligncenter size-full is-resized\"><img decoding=\"async\" width=\"900\" height=\"471\" src=\"https:\/\/www.tiendanimal.es\/articulos\/wp-content\/uploads\/2024\/12\/criscancer-2024-1.jpg\" alt=\"Colaboraci\u00f3n con CRIS Contra el C\u00e1ncer Tiendanimal\" class=\"wp-image-67509\" style=\"width:675px;height:353px\" srcset=\"https:\/\/www.tiendanimal.es\/articulos\/wp-content\/uploads\/2024\/12\/criscancer-2024-1.jpg 900w, https:\/\/www.tiendanimal.es\/articulos\/wp-content\/uploads\/2024\/12\/criscancer-2024-1-300x157.jpg 300w, https:\/\/www.tiendanimal.es\/articulos\/wp-content\/uploads\/2024\/12\/criscancer-2024-1-768x402.jpg 768w\" sizes=\"(max-width: 900px) 100vw, 900px\" \/><\/figure>\n\n\n\n<ul class=\"wp-block-list\">\n<li><strong>Talleres en nuestras tiendas<\/strong>: Seguimos ofreciendo talleres educativos en nuestras tiendas, impartidos por<strong> veterinarios y expertos<\/strong>, para ense\u00f1ar a las familias todo lo necesario sobre el cuidado y bienestar de sus animales.<\/li>\n<\/ul>\n\n\n\n<h2 class=\"wp-block-heading\"><span class=\"ez-toc-section\" id=\"Historias_que_cambian_vidas_%C2%A1Gracias_por_adoptar\"><\/span>Historias que cambian vidas: \u00a1Gracias por adoptar!<span class=\"ez-toc-section-end\"><\/span><\/h2>\n\n\n\n<p>En 2024 hemos vivido momentos que nos han tocado el coraz\u00f3n. Historias llenas de amor, superaci\u00f3n y segundas oportunidades que demuestran el <strong>poder de la adopci\u00f3n<\/strong>.<\/p>\n\n\n\n<p>Queremos cerrar el a\u00f1o agradeciendo a todas las familias que han abierto sus corazones y hogares a un animal este 2024. <strong>Gracias por darles una nueva vida llena de cari\u00f1o y cuidados.<\/strong> Vuestras <strong><a href=\"https:\/\/www.tiendanimal.es\/articulos\/territorio-animal\/adopciones\/\">historias de adopci\u00f3n<\/a><\/strong> nos inspiran y nos llenan de emoci\u00f3n. \u00a1Nos hab\u00e9is arrancado m\u00e1s de una l\u00e1grima de felicidad! \ud83d\udc3e\ud83d\udc95<\/p>\n\n\n\n<div style=\"height:10px\" aria-hidden=\"true\" class=\"wp-block-spacer\"><\/div>\n\n\n\n<figure class=\"wp-block-gallery has-nested-images columns-default is-cropped wp-block-gallery-5 is-layout-flex wp-block-gallery-is-layout-flex\">\n<figure class=\"wp-block-image size-medium is-style-rounded\"><a href=\"https:\/\/www.tiendanimal.es\/articulos\/historias-adopcion-hera-cristina\/\"><img decoding=\"async\" width=\"300\" height=\"200\" data-id=\"49840\" src=\"https:\/\/www.tiendanimal.es\/articulos\/wp-content\/uploads\/2024\/01\/hera-historia-adopcion-gata-300x200.jpg\" alt=\"Historia de la adopcion de Hera por Cristina\" class=\"wp-image-49840\" srcset=\"https:\/\/www.tiendanimal.es\/articulos\/wp-content\/uploads\/2024\/01\/hera-historia-adopcion-gata-300x200.jpg 300w, https:\/\/www.tiendanimal.es\/articulos\/wp-content\/uploads\/2024\/01\/hera-historia-adopcion-gata-768x512.jpg 768w, https:\/\/www.tiendanimal.es\/articulos\/wp-content\/uploads\/2024\/01\/hera-historia-adopcion-gata.jpg 900w\" sizes=\"(max-width: 300px) 100vw, 300px\" \/><\/a><figcaption class=\"wp-element-caption\"><strong>Historia de Hera &amp; Cristina<\/strong><\/figcaption><\/figure>\n\n\n\n<figure class=\"wp-block-image size-medium is-style-rounded\"><a href=\"https:\/\/www.tiendanimal.es\/articulos\/historias-adopcion-milagrito-ana\/\"><img decoding=\"async\" width=\"300\" height=\"200\" data-id=\"51135\" src=\"https:\/\/www.tiendanimal.es\/articulos\/wp-content\/uploads\/2024\/01\/milagrito-ana-historia-adopcion-1-300x200.jpg\" alt=\"historia de adopci\u00f3n de Milagrito y Ana\" class=\"wp-image-51135\" srcset=\"https:\/\/www.tiendanimal.es\/articulos\/wp-content\/uploads\/2024\/01\/milagrito-ana-historia-adopcion-1-300x200.jpg 300w, https:\/\/www.tiendanimal.es\/articulos\/wp-content\/uploads\/2024\/01\/milagrito-ana-historia-adopcion-1-768x512.jpg 768w, https:\/\/www.tiendanimal.es\/articulos\/wp-content\/uploads\/2024\/01\/milagrito-ana-historia-adopcion-1.jpg 900w\" sizes=\"(max-width: 300px) 100vw, 300px\" \/><\/a><figcaption class=\"wp-element-caption\"><strong>Historia de Milagrito &amp; Ana<\/strong><\/figcaption><\/figure>\n\n\n\n<figure class=\"wp-block-image size-medium is-style-rounded\"><a href=\"https:\/\/www.tiendanimal.es\/articulos\/historias-adopcion-ekko-jessica\/\"><img decoding=\"async\" width=\"300\" height=\"200\" data-id=\"54558\" src=\"https:\/\/www.tiendanimal.es\/articulos\/wp-content\/uploads\/2024\/03\/historia-adopcion-ekko-jessica-300x200.jpg\" alt=\"Historias de adopci\u00f3n Ekko y Jessica\" class=\"wp-image-54558\" srcset=\"https:\/\/www.tiendanimal.es\/articulos\/wp-content\/uploads\/2024\/03\/historia-adopcion-ekko-jessica-300x200.jpg 300w, https:\/\/www.tiendanimal.es\/articulos\/wp-content\/uploads\/2024\/03\/historia-adopcion-ekko-jessica-768x512.jpg 768w, https:\/\/www.tiendanimal.es\/articulos\/wp-content\/uploads\/2024\/03\/historia-adopcion-ekko-jessica.jpg 900w\" sizes=\"(max-width: 300px) 100vw, 300px\" \/><\/a><figcaption class=\"wp-element-caption\"><strong>Historia de Ekko &amp; J\u00e9ssica<\/strong><\/figcaption><\/figure>\n\n\n\n<figure class=\"wp-block-image size-medium is-style-rounded\"><a href=\"https:\/\/www.tiendanimal.es\/articulos\/historias-de-adopcion-gatunis-lorena\/\"><img decoding=\"async\" width=\"300\" height=\"200\" data-id=\"56599\" src=\"https:\/\/www.tiendanimal.es\/articulos\/wp-content\/uploads\/2024\/04\/lorena-gatunis-historia-adopcion-animal-300x200.jpg\" alt=\"Gatunis y Lorena Historia de Adopci\u00f3n animal\" class=\"wp-image-56599\" srcset=\"https:\/\/www.tiendanimal.es\/articulos\/wp-content\/uploads\/2024\/04\/lorena-gatunis-historia-adopcion-animal-300x200.jpg 300w, https:\/\/www.tiendanimal.es\/articulos\/wp-content\/uploads\/2024\/04\/lorena-gatunis-historia-adopcion-animal-768x512.jpg 768w, https:\/\/www.tiendanimal.es\/articulos\/wp-content\/uploads\/2024\/04\/lorena-gatunis-historia-adopcion-animal.jpg 900w\" sizes=\"(max-width: 300px) 100vw, 300px\" \/><\/a><figcaption class=\"wp-element-caption\"><strong>Historia de Gatunis &amp; Lorena<\/strong><\/figcaption><\/figure>\n\n\n\n<figure class=\"wp-block-image size-medium is-style-rounded\"><a href=\"https:\/\/www.tiendanimal.es\/articulos\/historias-de-adopcion-tatu-noelia\/\"><img decoding=\"async\" width=\"300\" height=\"200\" data-id=\"58029\" src=\"https:\/\/www.tiendanimal.es\/articulos\/wp-content\/uploads\/2024\/05\/historia-de-adopcion-tatu-noelia-300x200.jpg\" alt=\"Historias de Adopci\u00f3n: Tatu y Noelia\" class=\"wp-image-58029\" srcset=\"https:\/\/www.tiendanimal.es\/articulos\/wp-content\/uploads\/2024\/05\/historia-de-adopcion-tatu-noelia-300x200.jpg 300w, https:\/\/www.tiendanimal.es\/articulos\/wp-content\/uploads\/2024\/05\/historia-de-adopcion-tatu-noelia-768x512.jpg 768w, https:\/\/www.tiendanimal.es\/articulos\/wp-content\/uploads\/2024\/05\/historia-de-adopcion-tatu-noelia.jpg 900w\" sizes=\"(max-width: 300px) 100vw, 300px\" \/><\/a><figcaption class=\"wp-element-caption\"><strong>Historia de Tatu &amp; Noelia<\/strong><\/figcaption><\/figure>\n\n\n\n<figure class=\"wp-block-image size-medium is-style-rounded\"><a href=\"https:\/\/www.tiendanimal.es\/articulos\/historias-de-adopcion-salazar-tamara\/\"><img decoding=\"async\" width=\"300\" height=\"200\" data-id=\"59258\" src=\"https:\/\/www.tiendanimal.es\/articulos\/wp-content\/uploads\/2024\/06\/gatito-salazar-adoptar-300x200.jpg\" alt=\"Historias de adopcion que dejan huella Salazar y Tamara\" class=\"wp-image-59258\" srcset=\"https:\/\/www.tiendanimal.es\/articulos\/wp-content\/uploads\/2024\/06\/gatito-salazar-adoptar-300x200.jpg 300w, https:\/\/www.tiendanimal.es\/articulos\/wp-content\/uploads\/2024\/06\/gatito-salazar-adoptar-768x512.jpg 768w, https:\/\/www.tiendanimal.es\/articulos\/wp-content\/uploads\/2024\/06\/gatito-salazar-adoptar.jpg 900w\" sizes=\"(max-width: 300px) 100vw, 300px\" \/><\/a><figcaption class=\"wp-element-caption\"><strong>Historia de Salazar &amp; Tamara<\/strong><\/figcaption><\/figure>\n\n\n\n<figure class=\"wp-block-image size-medium is-style-rounded\"><a href=\"https:\/\/www.tiendanimal.es\/articulos\/historias-de-adopcion-mina-marta\/\"><img decoding=\"async\" width=\"300\" height=\"200\" data-id=\"60755\" src=\"https:\/\/www.tiendanimal.es\/articulos\/wp-content\/uploads\/2024\/07\/descubre-mina-y-marta-historia-adopcion-1-300x200.jpg\" alt=\"Historia de adopci\u00f3n de Mina y Marta\" class=\"wp-image-60755\" srcset=\"https:\/\/www.tiendanimal.es\/articulos\/wp-content\/uploads\/2024\/07\/descubre-mina-y-marta-historia-adopcion-1-300x200.jpg 300w, https:\/\/www.tiendanimal.es\/articulos\/wp-content\/uploads\/2024\/07\/descubre-mina-y-marta-historia-adopcion-1-768x512.jpg 768w, https:\/\/www.tiendanimal.es\/articulos\/wp-content\/uploads\/2024\/07\/descubre-mina-y-marta-historia-adopcion-1.jpg 900w\" sizes=\"(max-width: 300px) 100vw, 300px\" \/><\/a><figcaption class=\"wp-element-caption\"><strong>Historia de Mina &amp; Marta<\/strong><\/figcaption><\/figure>\n\n\n\n<figure class=\"wp-block-image size-medium is-style-rounded\"><a href=\"https:\/\/www.tiendanimal.es\/articulos\/historias-de-adopcion-peluche-martina\/\"><img decoding=\"async\" width=\"300\" height=\"200\" data-id=\"61897\" src=\"https:\/\/www.tiendanimal.es\/articulos\/wp-content\/uploads\/2024\/07\/adopcion-peluche-por-martina-300x200.jpg\" alt=\"Historia de adopci\u00f3n de Peluche y Martina\" class=\"wp-image-61897\" srcset=\"https:\/\/www.tiendanimal.es\/articulos\/wp-content\/uploads\/2024\/07\/adopcion-peluche-por-martina-300x200.jpg 300w, https:\/\/www.tiendanimal.es\/articulos\/wp-content\/uploads\/2024\/07\/adopcion-peluche-por-martina-768x512.jpg 768w, https:\/\/www.tiendanimal.es\/articulos\/wp-content\/uploads\/2024\/07\/adopcion-peluche-por-martina.jpg 900w\" sizes=\"(max-width: 300px) 100vw, 300px\" \/><\/a><figcaption class=\"wp-element-caption\"><strong>Historia de Peluche &amp; Martina<\/strong><\/figcaption><\/figure>\n\n\n\n<figure class=\"wp-block-image size-large is-style-rounded\"><a href=\"https:\/\/www.tiendanimal.es\/articulos\/historias-de-adopcion-balu-irene\/\"><img decoding=\"async\" width=\"1024\" height=\"576\" data-id=\"62914\" src=\"https:\/\/www.tiendanimal.es\/articulos\/wp-content\/uploads\/2024\/09\/historia-adopcion-balu-irene-1024x576.jpg\" alt=\"Historia de adopci\u00f3n de Bal\u00fa e Irene\" class=\"wp-image-62914\" srcset=\"https:\/\/www.tiendanimal.es\/articulos\/wp-content\/uploads\/2024\/09\/historia-adopcion-balu-irene-1024x576.jpg 1024w, https:\/\/www.tiendanimal.es\/articulos\/wp-content\/uploads\/2024\/09\/historia-adopcion-balu-irene-300x169.jpg 300w, https:\/\/www.tiendanimal.es\/articulos\/wp-content\/uploads\/2024\/09\/historia-adopcion-balu-irene-768x432.jpg 768w, https:\/\/www.tiendanimal.es\/articulos\/wp-content\/uploads\/2024\/09\/historia-adopcion-balu-irene.jpg 1067w\" sizes=\"(max-width: 1024px) 100vw, 1024px\" \/><\/a><figcaption class=\"wp-element-caption\"><strong>Historia de Bal\u00fa e Irene<\/strong><\/figcaption><\/figure>\n\n\n\n<figure class=\"wp-block-image size-medium is-style-rounded\"><a href=\"https:\/\/www.tiendanimal.es\/articulos\/historias-de-adopcion-cleo-isa\/\"><img decoding=\"async\" width=\"300\" height=\"200\" data-id=\"64300\" src=\"https:\/\/www.tiendanimal.es\/articulos\/wp-content\/uploads\/2024\/10\/historia-de-adopcion-gata-cleo-300x200.jpg\" alt=\"Historia de adopci\u00f3n de Cleo e Isa\" class=\"wp-image-64300\" srcset=\"https:\/\/www.tiendanimal.es\/articulos\/wp-content\/uploads\/2024\/10\/historia-de-adopcion-gata-cleo-300x200.jpg 300w, https:\/\/www.tiendanimal.es\/articulos\/wp-content\/uploads\/2024\/10\/historia-de-adopcion-gata-cleo-768x512.jpg 768w, https:\/\/www.tiendanimal.es\/articulos\/wp-content\/uploads\/2024\/10\/historia-de-adopcion-gata-cleo.jpg 900w\" sizes=\"(max-width: 300px) 100vw, 300px\" \/><\/a><figcaption class=\"wp-element-caption\"><strong>Historia de Cleo e Isa<\/strong><\/figcaption><\/figure>\n\n\n\n<figure class=\"wp-block-image size-medium is-style-rounded\"><a href=\"https:\/\/www.tiendanimal.es\/articulos\/historias-de-adopcion-goncho-filip-khalesi-juanma\/\"><img decoding=\"async\" width=\"300\" height=\"200\" data-id=\"66242\" src=\"https:\/\/www.tiendanimal.es\/articulos\/wp-content\/uploads\/2024\/11\/historia-goncho-filip-khalesi-300x200.jpg\" alt=\"Historia de adopci\u00f3n de Goncho, Filip y Khalesi\" class=\"wp-image-66242\" srcset=\"https:\/\/www.tiendanimal.es\/articulos\/wp-content\/uploads\/2024\/11\/historia-goncho-filip-khalesi-300x200.jpg 300w, https:\/\/www.tiendanimal.es\/articulos\/wp-content\/uploads\/2024\/11\/historia-goncho-filip-khalesi-768x512.jpg 768w, https:\/\/www.tiendanimal.es\/articulos\/wp-content\/uploads\/2024\/11\/historia-goncho-filip-khalesi.jpg 900w\" sizes=\"(max-width: 300px) 100vw, 300px\" \/><\/a><figcaption class=\"wp-element-caption\"><strong>Historia de Goncho, Filip, Khalesi &amp; Juanma<\/strong><\/figcaption><\/figure>\n<\/figure>\n\n\n\n<div style=\"height:25px\" aria-hidden=\"true\" class=\"wp-block-spacer\"><\/div>\n\n\n\n<p class=\"has-background\" style=\"background-color:#e6f5db\">Si t\u00fa tambi\u00e9n quieres ampliar la familia e incorporar un nuevo miembro, desde<strong>&nbsp;<a rel=\"noreferrer noopener\" href=\"https:\/\/www.tiendanimal.es\/\" target=\"_blank\">Tiendanimal<\/a><\/strong>&nbsp;<strong>colaboramos con protectoras y asociaciones<\/strong>&nbsp;para darles a los animales que lo necesitan un nuevo hogar. P\u00e1sate por cualquiera de&nbsp;<strong><a href=\"https:\/\/tiendas.tiendanimal.es\/\" target=\"_blank\" rel=\"noreferrer noopener\">nuestras tiendas<\/a><\/strong>&nbsp;y pregunta por nuestro&nbsp;<strong>servicio de adopci\u00f3n<\/strong>.<\/p>\n","protected":false},"excerpt":{"rendered":"<p>Descubre todo lo que logramos en Tiendanimal durante 2024: adopciones, donaciones, nuevas iniciativas y mucho m\u00e1s. \u00a1Un a\u00f1o lleno de amor y compromiso!<\/p>\n","protected":false},"author":88,"featured_media":67741,"comment_status":"open","ping_status":"closed","sticky":false,"template":"","format":"standard","meta":{"_acf_changed":false,"_uag_custom_page_level_css":"","site-sidebar-layout":"default","site-content-layout":"","ast-site-content-layout":"default","site-content-style":"default","site-sidebar-style":"default","ast-global-header-display":"","ast-banner-title-visibility":"","ast-main-header-display":"","ast-hfb-above-header-display":"","ast-hfb-below-header-display":"","ast-hfb-mobile-header-display":"","site-post-title":"","ast-breadcrumbs-content":"","ast-featured-img":"","footer-sml-layout":"","theme-transparent-header-meta":"","adv-header-id-meta":"","stick-header-meta":"","header-above-stick-meta":"","header-main-stick-meta":"","header-below-stick-meta":"","astra-migrate-meta-layouts":"default","ast-page-background-enabled":"default","ast-page-background-meta":{"desktop":{"background-color":"var(--ast-global-color-5)","background-image":"","background-repeat":"repeat","background-position":"center center","background-size":"auto","background-attachment":"scroll","background-type":"","background-media":"","overlay-type":"","overlay-color":"","overlay-opacity":"","overlay-gradient":""},"tablet":{"background-color":"","background-image":"","background-repeat":"repeat","background-position":"center center","background-size":"auto","background-attachment":"scroll","background-type":"","background-media":"","overlay-type":"","overlay-color":"","overlay-opacity":"","overlay-gradient":""},"mobile":{"background-color":"","background-image":"","background-repeat":"repeat","background-position":"center center","background-size":"auto","background-attachment":"scroll","background-type":"","background-media":"","overlay-type":"","overlay-color":"","overlay-opacity":"","overlay-gradient":""}},"ast-content-background-meta":{"desktop":{"background-color":"var(--ast-global-color-4)","background-image":"","background-repeat":"repeat","background-position":"center center","background-size":"auto","background-attachment":"scroll","background-type":"","background-media":"","overlay-type":"","overlay-color":"","overlay-opacity":"","overlay-gradient":""},"tablet":{"background-color":"var(--ast-global-color-4)","background-image":"","background-repeat":"repeat","background-position":"center center","background-size":"auto","background-attachment":"scroll","background-type":"","background-media":"","overlay-type":"","overlay-color":"","overlay-opacity":"","overlay-gradient":""},"mobile":{"background-color":"var(--ast-global-color-4)","background-image":"","background-repeat":"repeat","background-position":"center center","background-size":"auto","background-attachment":"scroll","background-type":"","background-media":"","overlay-type":"","overlay-color":"","overlay-opacity":"","overlay-gradient":""}},"footnotes":""},"categories":[3506,3511],"tags":[3561],"class_list":["post-67440","post","type-post","status-publish","format-standard","has-post-thumbnail","hentry","category-territorio-animal","category-eventos","tag-rsc","generate-columns","tablet-grid-50","mobile-grid-100","grid-parent","grid-33"],"acf":[],"uagb_featured_image_src":{"full":["https:\/\/www.tiendanimal.es\/articulos\/wp-content\/uploads\/2024\/12\/resumen-ano-2024-tiendanimal.jpg",900,600,false],"thumbnail":["https:\/\/www.tiendanimal.es\/articulos\/wp-content\/uploads\/2024\/12\/resumen-ano-2024-tiendanimal-150x150.jpg",150,150,true],"medium":["https:\/\/www.tiendanimal.es\/articulos\/wp-content\/uploads\/2024\/12\/resumen-ano-2024-tiendanimal-300x200.jpg",300,200,true],"medium_large":["https:\/\/www.tiendanimal.es\/articulos\/wp-content\/uploads\/2024\/12\/resumen-ano-2024-tiendanimal-768x512.jpg",768,512,true],"large":["https:\/\/www.tiendanimal.es\/articulos\/wp-content\/uploads\/2024\/12\/resumen-ano-2024-tiendanimal.jpg",900,600,false],"1536x1536":["https:\/\/www.tiendanimal.es\/articulos\/wp-content\/uploads\/2024\/12\/resumen-ano-2024-tiendanimal.jpg",900,600,false],"2048x2048":["https:\/\/www.tiendanimal.es\/articulos\/wp-content\/uploads\/2024\/12\/resumen-ano-2024-tiendanimal.jpg",900,600,false]},"uagb_author_info":{"display_name":"Tiendanimal","author_link":"https:\/\/www.tiendanimal.es\/articulos\/author\/lucia\/"},"uagb_comment_info":1,"uagb_excerpt":"Descubre todo lo que logramos en Tiendanimal durante 2024: adopciones, donaciones, nuevas iniciativas y mucho m\u00e1s. \u00a1Un a\u00f1o lleno de amor y compromiso!","_links":{"self":[{"href":"https:\/\/www.tiendanimal.es\/articulos\/wp-json\/wp\/v2\/posts\/67440","targetHints":{"allow":["GET"]}}],"collection":[{"href":"https:\/\/www.tiendanimal.es\/articulos\/wp-json\/wp\/v2\/posts"}],"about":[{"href":"https:\/\/www.tiendanimal.es\/articulos\/wp-json\/wp\/v2\/types\/post"}],"author":[{"embeddable":true,"href":"https:\/\/www.tiendanimal.es\/articulos\/wp-json\/wp\/v2\/users\/88"}],"replies":[{"embeddable":true,"href":"https:\/\/www.tiendanimal.es\/articulos\/wp-json\/wp\/v2\/comments?post=67440"}],"version-history":[{"count":76,"href":"https:\/\/www.tiendanimal.es\/articulos\/wp-json\/wp\/v2\/posts\/67440\/revisions"}],"predecessor-version":[{"id":78549,"href":"https:\/\/www.tiendanimal.es\/articulos\/wp-json\/wp\/v2\/posts\/67440\/revisions\/78549"}],"wp:featuredmedia":[{"embeddable":true,"href":"https:\/\/www.tiendanimal.es\/articulos\/wp-json\/wp\/v2\/media\/67741"}],"wp:attachment":[{"href":"https:\/\/www.tiendanimal.es\/articulos\/wp-json\/wp\/v2\/media?parent=67440"}],"wp:term":[{"taxonomy":"category","embeddable":true,"href":"https:\/\/www.tiendanimal.es\/articulos\/wp-json\/wp\/v2\/categories?post=67440"},{"taxonomy":"post_tag","embeddable":true,"href":"https:\/\/www.tiendanimal.es\/articulos\/wp-json\/wp\/v2\/tags?post=67440"}],"curies":[{"name":"wp","href":"https:\/\/api.w.org\/{rel}","templated":true}]}}