{"id":62905,"date":"2024-09-17T08:26:48","date_gmt":"2024-09-17T07:26:48","guid":{"rendered":"https:\/\/www.tiendanimal.es\/articulos\/?p=62905"},"modified":"2024-12-18T14:48:37","modified_gmt":"2024-12-18T13:48:37","slug":"historias-de-adopcion-balu-irene","status":"publish","type":"post","link":"https:\/\/www.tiendanimal.es\/articulos\/historias-de-adopcion-balu-irene\/","title":{"rendered":"Historias que dejan huella: Bal\u00fa e Irene"},"content":{"rendered":"<div id=\"ez-toc-container\" class=\"ez-toc-v2_0_82_2 counter-hierarchy ez-toc-counter ez-toc-grey ez-toc-container-direction\">\n<div class=\"ez-toc-title-container\">\n<p class=\"ez-toc-title\" style=\"cursor:inherit\">\u00cdndice<\/p>\n<span class=\"ez-toc-title-toggle\"><a href=\"#\" class=\"ez-toc-pull-right ez-toc-btn ez-toc-btn-xs ez-toc-btn-default ez-toc-toggle\" aria-label=\"Alternar tabla de contenidos\"><span class=\"ez-toc-js-icon-con\"><span class=\"\"><span class=\"eztoc-hide\" style=\"display:none;\">Toggle<\/span><span class=\"ez-toc-icon-toggle-span\"><svg style=\"fill: #999;color:#999\" xmlns=\"http:\/\/www.w3.org\/2000\/svg\" class=\"list-377408\" width=\"20px\" height=\"20px\" viewBox=\"0 0 24 24\" fill=\"none\"><path d=\"M6 6H4v2h2V6zm14 0H8v2h12V6zM4 11h2v2H4v-2zm16 0H8v2h12v-2zM4 16h2v2H4v-2zm16 0H8v2h12v-2z\" fill=\"currentColor\"><\/path><\/svg><svg style=\"fill: #999;color:#999\" class=\"arrow-unsorted-368013\" xmlns=\"http:\/\/www.w3.org\/2000\/svg\" width=\"10px\" height=\"10px\" viewBox=\"0 0 24 24\" version=\"1.2\" baseProfile=\"tiny\"><path d=\"M18.2 9.3l-6.2-6.3-6.2 6.3c-.2.2-.3.4-.3.7s.1.5.3.7c.2.2.4.3.7.3h11c.3 0 .5-.1.7-.3.2-.2.3-.5.3-.7s-.1-.5-.3-.7zM5.8 14.7l6.2 6.3 6.2-6.3c.2-.2.3-.5.3-.7s-.1-.5-.3-.7c-.2-.2-.4-.3-.7-.3h-11c-.3 0-.5.1-.7.3-.2.2-.3.5-.3.7s.1.5.3.7z\"\/><\/svg><\/span><\/span><\/span><\/a><\/span><\/div>\n<nav><ul class='ez-toc-list ez-toc-list-level-1 ' ><li class='ez-toc-page-1 ez-toc-heading-level-2'><a class=\"ez-toc-link ez-toc-heading-1\" href=\"https:\/\/www.tiendanimal.es\/articulos\/historias-de-adopcion-balu-irene\/#El_encuentro_que_cambio_el_destino_de_Balu\" >El encuentro que cambi\u00f3 el destino de Bal\u00fa<\/a><\/li><li class='ez-toc-page-1 ez-toc-heading-level-2'><a class=\"ez-toc-link ez-toc-heading-2\" href=\"https:\/\/www.tiendanimal.es\/articulos\/historias-de-adopcion-balu-irene\/#Amor_a_primera_vista\" >Amor a primera vista<\/a><\/li><li class='ez-toc-page-1 ez-toc-heading-level-2'><a class=\"ez-toc-link ez-toc-heading-3\" href=\"https:\/\/www.tiendanimal.es\/articulos\/historias-de-adopcion-balu-irene\/#Los_nuevos_companeros_de_Balu\" >Los nuevos compa\u00f1eros de Bal\u00fa<\/a><\/li><\/ul><\/nav><\/div>\n\n<p>A veces, la vida nos sorprende con encuentros inesperados que terminan siendo los m\u00e1s importantes. As\u00ed es la <strong>historia de Bal\u00fa e Irene<\/strong>, un cruce de caminos que cambi\u00f3 sus vidas para siempre. Lo que empez\u00f3 como un paseo normal para Irene y sus perretes, termin\u00f3 convirti\u00e9ndose en el inicio de una hermosa historia de<strong> amor y adopci\u00f3n<\/strong>. \u00bfQuieres saber c\u00f3mo Bal\u00fa encontr\u00f3 a su familia para siempre? \u00a1Te lo contamos a continuaci\u00f3n!<\/p>\n\n\n\n<h2 class=\"wp-block-heading\"><span class=\"ez-toc-section\" id=\"El_encuentro_que_cambio_el_destino_de_Balu\"><\/span>El encuentro que cambi\u00f3 el destino de Bal\u00fa<span class=\"ez-toc-section-end\"><\/span><\/h2>\n\n\n\n<div class=\"wp-block-image\"><figure class=\"alignright size-full is-resized\"><img decoding=\"async\" src=\"https:\/\/www.tiendanimal.es\/articulos\/wp-content\/uploads\/2024\/09\/historias-que-dejan-huella-balu-perro.jpg\" alt=\"Conoce la historia de adopci\u00f3n de Bal\u00fa\" class=\"wp-image-62919\" width=\"181\" height=\"241\" srcset=\"https:\/\/www.tiendanimal.es\/articulos\/wp-content\/uploads\/2024\/09\/historias-que-dejan-huella-balu-perro.jpg 250w, https:\/\/www.tiendanimal.es\/articulos\/wp-content\/uploads\/2024\/09\/historias-que-dejan-huella-balu-perro-225x300.jpg 225w\" sizes=\"(max-width: 181px) 100vw, 181px\" \/><\/figure><\/div>\n\n\n\n<div class=\"wp-block-image\"><figure class=\"alignright size-full is-resized\"><img decoding=\"async\" src=\"https:\/\/www.tiendanimal.es\/articulos\/wp-content\/uploads\/2024\/09\/adopcion-balu.jpg\" alt=\"Adopci\u00f3n de Bal\u00fa\" class=\"wp-image-62930\" width=\"181\" height=\"241\" srcset=\"https:\/\/www.tiendanimal.es\/articulos\/wp-content\/uploads\/2024\/09\/adopcion-balu.jpg 250w, https:\/\/www.tiendanimal.es\/articulos\/wp-content\/uploads\/2024\/09\/adopcion-balu-225x300.jpg 225w\" sizes=\"(max-width: 181px) 100vw, 181px\" \/><\/figure><\/div>\n\n\n\n<p>A veces la vida nos pone en el camino a quienes m\u00e1s necesitamos, y as\u00ed fue como el destino de Bal\u00fa cambi\u00f3 para siempre. Un 6 de abril, mientras <strong>Irene, colaboradora en Tiendanimal Murcia Cemar<\/strong>, paseaba a sus otros peluditos, se top\u00f3 con un peque\u00f1o entre unos arbustos. Era <strong>Bal\u00fa, un perrito que no ten\u00eda a d\u00f3nde ir<\/strong>, y en ese momento, sin dudarlo, Irene decidi\u00f3 llev\u00e1rselo a casa con la intenci\u00f3n de<strong> ayudarle y encontrarle un hogar.<\/strong><\/p>\n\n\n\n<p>Irene contact\u00f3 r\u00e1pidamente con una <strong>protectora con la que colabora Tiendanimal, <\/strong>y al d\u00eda siguiente la protectora fue a buscar a Bal\u00fa para llevarlo al veterinario, revisar su estado de salud y <strong>ponerlo en adopci\u00f3n <\/strong>en Tiendanimal Cemar.<\/p>\n\n\n\n<h2 class=\"wp-block-heading\"><span class=\"ez-toc-section\" id=\"Amor_a_primera_vista\"><\/span>Amor a primera vista<span class=\"ez-toc-section-end\"><\/span><\/h2>\n\n\n\n<p>Pero aunque Bal\u00fa solo estuvo 24 horas con Irene, <strong>el vac\u00edo que dej\u00f3 en su coraz\u00f3n fue inmenso<\/strong>. Esa noche, Irene no pudo dejar de pensar en \u00e9l. Fue entonces cuando se dio cuenta de que <strong>Bal\u00fa ya hab\u00eda encontrado a su familia para siempre.<\/strong><\/p>\n\n\n\n<p>Al d\u00eda siguiente, no pudo contener m\u00e1s sus emociones y contact\u00f3 con la protectora para ver c\u00f3mo segu\u00eda Bal\u00fa y, con el coraz\u00f3n en la mano, les dijo que Bal\u00fa le hab\u00eda robado el coraz\u00f3n y que <strong>quer\u00eda ser ella quien lo adoptara.<\/strong><\/p>\n\n\n\n<div class=\"wp-block-image\"><figure class=\"aligncenter size-full\"><img decoding=\"async\" width=\"250\" height=\"283\" src=\"https:\/\/www.tiendanimal.es\/articulos\/wp-content\/uploads\/2024\/09\/balu-e-irene.jpg\" alt=\"Irene adoptando a Bal\u00fa\" class=\"wp-image-62923\"\/><\/figure><\/div>\n\n\n\n<blockquote class=\"wp-block-quote is-layout-flow wp-block-quote-is-layout-flow\"><p>Irene lo ten\u00eda claro: <em>\u00ab<strong>Fue amor a primera vista,<\/strong> esa carita indefensa me enamor\u00f3; fue una sensaci\u00f3n de necesidad,<strong> yo sab\u00eda que \u00e9l me necesitaba y \u00e9l sab\u00eda que yo lo necesitaba<\/strong>, fue rec\u00edproco y no dud\u00e9 ni un segundo que ya hab\u00eda encontrado a su familia\u00bb<\/em>.<\/p><\/blockquote>\n\n\n\n<h2 class=\"wp-block-heading\"><span class=\"ez-toc-section\" id=\"Los_nuevos_companeros_de_Balu\"><\/span>Los nuevos compa\u00f1eros de Bal\u00fa<span class=\"ez-toc-section-end\"><\/span><\/h2>\n\n\n\n<div class=\"wp-block-image\"><figure class=\"alignright size-full is-resized\"><img decoding=\"async\" src=\"https:\/\/www.tiendanimal.es\/articulos\/wp-content\/uploads\/2024\/09\/historia-de-adopcion-tiendanimal-balu.jpg\" alt=\"Conoce todo sobre la adopci\u00f3n de Bal\u00fa\" class=\"wp-image-62926\" width=\"201\" height=\"268\" srcset=\"https:\/\/www.tiendanimal.es\/articulos\/wp-content\/uploads\/2024\/09\/historia-de-adopcion-tiendanimal-balu.jpg 250w, https:\/\/www.tiendanimal.es\/articulos\/wp-content\/uploads\/2024\/09\/historia-de-adopcion-tiendanimal-balu-225x300.jpg 225w\" sizes=\"(max-width: 201px) 100vw, 201px\" \/><\/figure><\/div>\n\n\n\n<div class=\"wp-block-image\"><figure class=\"alignright size-full is-resized\"><img decoding=\"async\" src=\"https:\/\/www.tiendanimal.es\/articulos\/wp-content\/uploads\/2024\/09\/adopcion-perro-balu-irene.jpg\" alt=\"Bal\u00fa y su familia\" class=\"wp-image-62925\" width=\"200\" height=\"266\" srcset=\"https:\/\/www.tiendanimal.es\/articulos\/wp-content\/uploads\/2024\/09\/adopcion-perro-balu-irene.jpg 250w, https:\/\/www.tiendanimal.es\/articulos\/wp-content\/uploads\/2024\/09\/adopcion-perro-balu-irene-225x300.jpg 225w\" sizes=\"(max-width: 200px) 100vw, 200px\" \/><\/figure><\/div>\n\n\n\n<p>Ahora Bal\u00fa forma parte de <strong>una gran familia peluda<\/strong>.<\/p>\n\n\n\n<p>En su nuevo hogar, le esperan <strong>Chispa<\/strong>, una perrita peque\u00f1a de 10 a\u00f1os que a\u00fan est\u00e1 adapt\u00e1ndose a la llegada de Bal\u00fa; <strong>Bruno y Horus<\/strong>, ambos de 9 a\u00f1os, que tambi\u00e9n est\u00e1n en proceso de aceptaci\u00f3n; <strong>Vandervil<\/strong>, un perrete mediano de 10 a\u00f1os, y <strong>Ali<\/strong>, un perrete grande de 4 a\u00f1os, con el que Bal\u00fa ya corretea y juega sin parar.<\/p>\n\n\n\n<p>Aunque la adaptaci\u00f3n lleva su tiempo, Irene est\u00e1 segura de que todos har\u00e1n una gran pi\u00f1a y <strong>vivir\u00e1n felices juntos<\/strong>. \ud83d\udc36\ud83d\udc97<\/p>\n\n\n\n<div style=\"height:10px\" aria-hidden=\"true\" class=\"wp-block-spacer\"><\/div>\n\n\n\n<p>Desde <strong>Tiendanimal<\/strong>, no podemos estar m\u00e1s contentos de ver c\u00f3mo Bal\u00fa ha encontrado su hogar definitivo junto a Irene y su familia peluda. Os deseamos todo lo mejor en esta <strong>nueva etapa llena de amor, juegos y muchas aventuras juntos<\/strong>. \u00a1Gracias, Irene, por abrir tu coraz\u00f3n y tu hogar a Bal\u00fa! \ud83d\ude0d<\/p>\n\n\n\n<div style=\"height:10px\" aria-hidden=\"true\" class=\"wp-block-spacer\"><\/div>\n\n\n\n<p>Contin\u00faa disfrutando de las historias de adopci\u00f3n m\u00e1s emotivas en nuestro blog:<a href=\"https:\/\/www.tiendanimal.es\/articulos\/historias-de-adopcion-mina-marta\/\"><\/a><\/p>\n\n\n        <div class=\"grid\">\n        <div class=\"grid-sizer\"><\/div>\n                <a href=\"https:\/\/www.tiendanimal.es\/articulos\/historias-de-adopcion-peluche-martina\/\" class=\"ds-analytics-blog-related-posts\" title=\"Historias de adopci\u00f3n: Peluche &amp; Martina\">\n            <div class=\"grid-item\">\n                <div style=\"background: url(https:\/\/www.tiendanimal.es\/articulos\/wp-content\/uploads\/2024\/07\/adopcion-peluche-por-martina-768x512.jpg);background-size:cover;\n                background-position: center;background-repeat: no-repeat;height:230px;\">\n                <\/div>\n                <p class=\"slider-caption\">Historias de adopci\u00f3n: Peluche & Martina<\/p>\n            <\/div>\n        <\/a>\n                <a href=\"https:\/\/www.tiendanimal.es\/articulos\/historias-de-adopcion-mina-marta\/\" class=\"ds-analytics-blog-related-posts\" title=\"Historias de adopci\u00f3n: Mina &amp; Marta\">\n            <div class=\"grid-item\">\n                <div style=\"background: url(https:\/\/www.tiendanimal.es\/articulos\/wp-content\/uploads\/2024\/07\/descubre-mina-y-marta-historia-adopcion-1-768x512.jpg);background-size:cover;\n                background-position: center;background-repeat: no-repeat;height:230px;\">\n                <\/div>\n                <p class=\"slider-caption\">Historias de adopci\u00f3n: Mina & Marta<\/p>\n            <\/div>\n        <\/a>\n                <a href=\"https:\/\/www.tiendanimal.es\/articulos\/historias-de-adopcion-salazar-tamara\/\" class=\"ds-analytics-blog-related-posts\" title=\"Historias de adopci\u00f3n: Salazar &amp; Tamara\">\n            <div class=\"grid-item\">\n                <div style=\"background: url(https:\/\/www.tiendanimal.es\/articulos\/wp-content\/uploads\/2024\/06\/gatito-salazar-adoptar-768x512.jpg);background-size:cover;\n                background-position: center;background-repeat: no-repeat;height:230px;\">\n                <\/div>\n                <p class=\"slider-caption\">Historias de adopci\u00f3n: Salazar & Tamara<\/p>\n            <\/div>\n        <\/a>\n            <\/div>\n    <script src=\"https:\/\/www.tiendanimal.es\/articulos\/wp-content\/themes\/astra-child-ta\/assets\/js\/masonry.pkgd.js\"><\/script>\n    <script type=\"text\/javascript\">\n        var $grid = jQuery('.grid').masonry({\n            itemSelector: '.grid-item',\n            percentPosition: true,\n            columnWidth: '.grid-sizer'\n        });\n    <\/script>\n    \n\n\n\n<div style=\"height:25px\" aria-hidden=\"true\" class=\"wp-block-spacer\"><\/div>\n\n\n\n<p class=\"has-background\" style=\"background-color:#e6f5db\">Si t\u00fa tambi\u00e9n quieres ampliar la familia, en <strong><a href=\"https:\/\/www.tiendanimal.es\/\" target=\"_blank\" rel=\"noreferrer noopener\">Tiendanimal<\/a><\/strong> colaboramos con <strong>protectoras y asociaciones<\/strong> para ayudar a los animales que buscan un hogar. P\u00e1sate por cualquiera de\u00a0<strong><a href=\"https:\/\/tiendas.tiendanimal.es\/\" target=\"_blank\" rel=\"noreferrer noopener\">nuestras tiendas<\/a><\/strong>\u00a0y pregunta por nuestro\u00a0<strong>servicio de adopci\u00f3n<\/strong>. Adem\u00e1s, visita nuestra plataforma <strong><a href=\"https:\/\/www.tiendanimal.es\/servicios\/adopta-con-tiendanimal\/\" target=\"_blank\" rel=\"noreferrer noopener\">Adopta con Tiendanimal<\/a><\/strong> y encuentra al compa\u00f1ero de cuatro patas que lleva toda la vida esper\u00e1ndote. \u00a1Tu mejor amigo est\u00e1 aqu\u00ed!<\/p>\n","protected":false},"excerpt":{"rendered":"<p>Descubre la bonita historia de Bal\u00fa, el perrito rescatado que encontr\u00f3 a su familia para siempre gracias al amor de Irene. \u00a1Un final feliz que te conmover\u00e1!<\/p>\n","protected":false},"author":88,"featured_media":62914,"comment_status":"open","ping_status":"closed","sticky":false,"template":"","format":"standard","meta":{"_acf_changed":false,"_uag_custom_page_level_css":"","site-sidebar-layout":"default","site-content-layout":"","ast-site-content-layout":"default","site-content-style":"default","site-sidebar-style":"default","ast-global-header-display":"","ast-banner-title-visibility":"","ast-main-header-display":"","ast-hfb-above-header-display":"","ast-hfb-below-header-display":"","ast-hfb-mobile-header-display":"","site-post-title":"","ast-breadcrumbs-content":"","ast-featured-img":"","footer-sml-layout":"","theme-transparent-header-meta":"","adv-header-id-meta":"","stick-header-meta":"","header-above-stick-meta":"","header-main-stick-meta":"","header-below-stick-meta":"","astra-migrate-meta-layouts":"default","ast-page-background-enabled":"default","ast-page-background-meta":{"desktop":{"background-color":"var(--ast-global-color-5)","background-image":"","background-repeat":"repeat","background-position":"center center","background-size":"auto","background-attachment":"scroll","background-type":"","background-media":"","overlay-type":"","overlay-color":"","overlay-opacity":"","overlay-gradient":""},"tablet":{"background-color":"","background-image":"","background-repeat":"repeat","background-position":"center center","background-size":"auto","background-attachment":"scroll","background-type":"","background-media":"","overlay-type":"","overlay-color":"","overlay-opacity":"","overlay-gradient":""},"mobile":{"background-color":"","background-image":"","background-repeat":"repeat","background-position":"center center","background-size":"auto","background-attachment":"scroll","background-type":"","background-media":"","overlay-type":"","overlay-color":"","overlay-opacity":"","overlay-gradient":""}},"ast-content-background-meta":{"desktop":{"background-color":"var(--ast-global-color-4)","background-image":"","background-repeat":"repeat","background-position":"center center","background-size":"auto","background-attachment":"scroll","background-type":"","background-media":"","overlay-type":"","overlay-color":"","overlay-opacity":"","overlay-gradient":""},"tablet":{"background-color":"var(--ast-global-color-4)","background-image":"","background-repeat":"repeat","background-position":"center center","background-size":"auto","background-attachment":"scroll","background-type":"","background-media":"","overlay-type":"","overlay-color":"","overlay-opacity":"","overlay-gradient":""},"mobile":{"background-color":"var(--ast-global-color-4)","background-image":"","background-repeat":"repeat","background-position":"center center","background-size":"auto","background-attachment":"scroll","background-type":"","background-media":"","overlay-type":"","overlay-color":"","overlay-opacity":"","overlay-gradient":""}},"footnotes":""},"categories":[3506,3507],"tags":[3520],"class_list":["post-62905","post","type-post","status-publish","format-standard","has-post-thumbnail","hentry","category-territorio-animal","category-adopciones","tag-adopciones","generate-columns","tablet-grid-50","mobile-grid-100","grid-parent","grid-33"],"acf":[],"uagb_featured_image_src":{"full":["https:\/\/www.tiendanimal.es\/articulos\/wp-content\/uploads\/2024\/09\/historia-adopcion-balu-irene.jpg",1067,600,false],"thumbnail":["https:\/\/www.tiendanimal.es\/articulos\/wp-content\/uploads\/2024\/09\/historia-adopcion-balu-irene-150x150.jpg",150,150,true],"medium":["https:\/\/www.tiendanimal.es\/articulos\/wp-content\/uploads\/2024\/09\/historia-adopcion-balu-irene-300x169.jpg",300,169,true],"medium_large":["https:\/\/www.tiendanimal.es\/articulos\/wp-content\/uploads\/2024\/09\/historia-adopcion-balu-irene-768x432.jpg",768,432,true],"large":["https:\/\/www.tiendanimal.es\/articulos\/wp-content\/uploads\/2024\/09\/historia-adopcion-balu-irene-1024x576.jpg",1024,576,true],"1536x1536":["https:\/\/www.tiendanimal.es\/articulos\/wp-content\/uploads\/2024\/09\/historia-adopcion-balu-irene.jpg",1067,600,false],"2048x2048":["https:\/\/www.tiendanimal.es\/articulos\/wp-content\/uploads\/2024\/09\/historia-adopcion-balu-irene.jpg",1067,600,false]},"uagb_author_info":{"display_name":"Tiendanimal","author_link":"https:\/\/www.tiendanimal.es\/articulos\/author\/lucia\/"},"uagb_comment_info":1,"uagb_excerpt":"Descubre la bonita historia de Bal\u00fa, el perrito rescatado que encontr\u00f3 a su familia para siempre gracias al amor de Irene. \u00a1Un final feliz que te conmover\u00e1!","_links":{"self":[{"href":"https:\/\/www.tiendanimal.es\/articulos\/wp-json\/wp\/v2\/posts\/62905","targetHints":{"allow":["GET"]}}],"collection":[{"href":"https:\/\/www.tiendanimal.es\/articulos\/wp-json\/wp\/v2\/posts"}],"about":[{"href":"https:\/\/www.tiendanimal.es\/articulos\/wp-json\/wp\/v2\/types\/post"}],"author":[{"embeddable":true,"href":"https:\/\/www.tiendanimal.es\/articulos\/wp-json\/wp\/v2\/users\/88"}],"replies":[{"embeddable":true,"href":"https:\/\/www.tiendanimal.es\/articulos\/wp-json\/wp\/v2\/comments?post=62905"}],"version-history":[{"count":25,"href":"https:\/\/www.tiendanimal.es\/articulos\/wp-json\/wp\/v2\/posts\/62905\/revisions"}],"predecessor-version":[{"id":67826,"href":"https:\/\/www.tiendanimal.es\/articulos\/wp-json\/wp\/v2\/posts\/62905\/revisions\/67826"}],"wp:featuredmedia":[{"embeddable":true,"href":"https:\/\/www.tiendanimal.es\/articulos\/wp-json\/wp\/v2\/media\/62914"}],"wp:attachment":[{"href":"https:\/\/www.tiendanimal.es\/articulos\/wp-json\/wp\/v2\/media?parent=62905"}],"wp:term":[{"taxonomy":"category","embeddable":true,"href":"https:\/\/www.tiendanimal.es\/articulos\/wp-json\/wp\/v2\/categories?post=62905"},{"taxonomy":"post_tag","embeddable":true,"href":"https:\/\/www.tiendanimal.es\/articulos\/wp-json\/wp\/v2\/tags?post=62905"}],"curies":[{"name":"wp","href":"https:\/\/api.w.org\/{rel}","templated":true}]}}