{"id":46612,"date":"2023-11-22T09:31:53","date_gmt":"2023-11-22T08:31:53","guid":{"rendered":"https:\/\/www.tiendanimal.es\/articulos\/?p=46612"},"modified":"2024-12-18T14:55:53","modified_gmt":"2024-12-18T13:55:53","slug":"historias-de-adopcion-vladi-anna","status":"publish","type":"post","link":"https:\/\/www.tiendanimal.es\/articulos\/historias-de-adopcion-vladi-anna\/","title":{"rendered":"Historias de adopci\u00f3n: Vladi &#038; Anna"},"content":{"rendered":"<div id=\"ez-toc-container\" class=\"ez-toc-v2_0_82_2 counter-hierarchy ez-toc-counter ez-toc-grey ez-toc-container-direction\">\n<div class=\"ez-toc-title-container\">\n<p class=\"ez-toc-title\" style=\"cursor:inherit\">\u00cdndice<\/p>\n<span class=\"ez-toc-title-toggle\"><a href=\"#\" class=\"ez-toc-pull-right ez-toc-btn ez-toc-btn-xs ez-toc-btn-default ez-toc-toggle\" aria-label=\"Alternar tabla de contenidos\"><span class=\"ez-toc-js-icon-con\"><span class=\"\"><span class=\"eztoc-hide\" style=\"display:none;\">Toggle<\/span><span class=\"ez-toc-icon-toggle-span\"><svg style=\"fill: #999;color:#999\" xmlns=\"http:\/\/www.w3.org\/2000\/svg\" class=\"list-377408\" width=\"20px\" height=\"20px\" viewBox=\"0 0 24 24\" fill=\"none\"><path d=\"M6 6H4v2h2V6zm14 0H8v2h12V6zM4 11h2v2H4v-2zm16 0H8v2h12v-2zM4 16h2v2H4v-2zm16 0H8v2h12v-2z\" fill=\"currentColor\"><\/path><\/svg><svg style=\"fill: #999;color:#999\" class=\"arrow-unsorted-368013\" xmlns=\"http:\/\/www.w3.org\/2000\/svg\" width=\"10px\" height=\"10px\" viewBox=\"0 0 24 24\" version=\"1.2\" baseProfile=\"tiny\"><path d=\"M18.2 9.3l-6.2-6.3-6.2 6.3c-.2.2-.3.4-.3.7s.1.5.3.7c.2.2.4.3.7.3h11c.3 0 .5-.1.7-.3.2-.2.3-.5.3-.7s-.1-.5-.3-.7zM5.8 14.7l6.2 6.3 6.2-6.3c.2-.2.3-.5.3-.7s-.1-.5-.3-.7c-.2-.2-.4-.3-.7-.3h-11c-.3 0-.5.1-.7.3-.2.2-.3.5-.3.7s.1.5.3.7z\"\/><\/svg><\/span><\/span><\/span><\/a><\/span><\/div>\n<nav><ul class='ez-toc-list ez-toc-list-level-1 ' ><li class='ez-toc-page-1 ez-toc-heading-level-2'><a class=\"ez-toc-link ez-toc-heading-1\" href=\"https:\/\/www.tiendanimal.es\/articulos\/historias-de-adopcion-vladi-anna\/#La_busqueda_de_un_hogar\" >La b\u00fasqueda de un hogar<\/a><\/li><li class='ez-toc-page-1 ez-toc-heading-level-2'><a class=\"ez-toc-link ez-toc-heading-2\" href=\"https:\/\/www.tiendanimal.es\/articulos\/historias-de-adopcion-vladi-anna\/#%C2%ABSiempre_habia_querido_adoptar_un_gatito_siames%C2%BB\" >\u00abSiempre hab\u00eda querido adoptar un gatito siam\u00e9s\u00bb<\/a><\/li><li class='ez-toc-page-1 ez-toc-heading-level-2'><a class=\"ez-toc-link ez-toc-heading-3\" href=\"https:\/\/www.tiendanimal.es\/articulos\/historias-de-adopcion-vladi-anna\/#Vladi_y_Burpee_companeros_inseparables_de_juego\" >Vladi y Burpee, compa\u00f1eros inseparables de juego<\/a><\/li><\/ul><\/nav><\/div>\n\n<p>En abril de 2023, la vida de<strong> Vladi, <\/strong>un adorable gatito siam\u00e9s, dio un giro inesperado al encontrarse con <strong>Anna,<\/strong> una colaboradora de <strong><a href=\"https:\/\/www.tiendanimal.es\/tienda-de-productos-para-mascotas-en-malaga-nostrum.html\" target=\"_blank\" rel=\"noreferrer noopener\">Tiendanimal M\u00e1laga Nostrum<\/a><\/strong>. Anna, buscando un compa\u00f1ero peludo para adoptar, sinti\u00f3 una conexi\u00f3n especial con Vladi desde el momento en que cruz\u00f3 la puerta de la tienda.<\/p>\n\n\n\n<p>Esta es una historia que tocar\u00e1 tu coraz\u00f3n. \u00a1Desc\u00fabrela!<\/p>\n\n\n\n<h2 class=\"wp-block-heading\"><span class=\"ez-toc-section\" id=\"La_busqueda_de_un_hogar\"><\/span>La b\u00fasqueda de un hogar<span class=\"ez-toc-section-end\"><\/span><\/h2>\n\n\n\n<p>Como muchos gatitos en Espa\u00f1a, <strong>Vladi hab\u00eda sido abandonado, <\/strong>esta vez en el patio de un vecino del bloque en el que viv\u00eda. Al llegar a la tienda, su mirada reflejaba el miedo y la confusi\u00f3n de alguien que hab\u00eda perdido su hogar y su familia.<strong> Anna, conmovida por la historia de Vladi,<\/strong> decidi\u00f3 indagar m\u00e1s antes de tomar cualquier decisi\u00f3n.<\/p>\n\n\n\n<p>A pesar de los esfuerzos de Anna, Vladi estaba tan asustado que no quer\u00eda comer ni jugar en su presencia, solo lo hac\u00eda cuando ella se alejaba. Anna entendi\u00f3 que <strong>el miedo era el obst\u00e1culo a superar<\/strong>. <em>\u00abAl principio fue dif\u00edcil porque Vladi era desconfiado y no quer\u00eda jugar conmigo, pero era totalmente&nbsp;normal, <strong>no entend\u00eda por qu\u00e9 su familia lo&nbsp;hab\u00eda abandonado<\/strong>\u00ab<\/em>, comparte Anna. <em>\u00abPero <strong>con paciencia y cari\u00f1o, nos ganamos su confianza<\/strong>\u00ab.<\/em><\/p>\n\n\n\n<h2 class=\"wp-block-heading\"><span class=\"ez-toc-section\" id=\"%C2%ABSiempre_habia_querido_adoptar_un_gatito_siames%C2%BB\"><\/span>\u00abSiempre hab\u00eda querido adoptar un gatito siam\u00e9s\u00bb<span class=\"ez-toc-section-end\"><\/span><\/h2>\n\n\n\n<p>Gracias al <strong>tes\u00f3n de Anna, Vladi super\u00f3 sus temores<\/strong> y ahora disfruta de un hogar donde nunca m\u00e1s lo abandonar\u00e1n. <\/p>\n\n\n\n<figure class=\"wp-block-gallery has-nested-images columns-default is-cropped wp-block-gallery-1 is-layout-flex wp-block-gallery-is-layout-flex\">\n<figure class=\"wp-block-image size-large\"><img decoding=\"async\" width=\"270\" height=\"479\" data-id=\"46617\" src=\"https:\/\/www.tiendanimal.es\/articulos\/wp-content\/uploads\/2023\/11\/historia-adopcion-vladi.jpg\" alt=\"Historia de adopci\u00f3n de Valdi\" class=\"wp-image-46617\" srcset=\"https:\/\/www.tiendanimal.es\/articulos\/wp-content\/uploads\/2023\/11\/historia-adopcion-vladi.jpg 270w, https:\/\/www.tiendanimal.es\/articulos\/wp-content\/uploads\/2023\/11\/historia-adopcion-vladi-169x300.jpg 169w\" sizes=\"(max-width: 270px) 100vw, 270px\" \/><\/figure>\n\n\n\n<figure class=\"wp-block-image size-large\"><img decoding=\"async\" width=\"270\" height=\"480\" data-id=\"46618\" src=\"https:\/\/www.tiendanimal.es\/articulos\/wp-content\/uploads\/2023\/11\/historia-adopcion-vladi-anna.jpeg\" alt=\"Anna y Valdi\" class=\"wp-image-46618\" srcset=\"https:\/\/www.tiendanimal.es\/articulos\/wp-content\/uploads\/2023\/11\/historia-adopcion-vladi-anna.jpeg 270w, https:\/\/www.tiendanimal.es\/articulos\/wp-content\/uploads\/2023\/11\/historia-adopcion-vladi-anna-169x300.jpeg 169w\" sizes=\"(max-width: 270px) 100vw, 270px\" \/><\/figure>\n\n\n\n<figure class=\"wp-block-image size-large\"><img decoding=\"async\" width=\"317\" height=\"563\" data-id=\"46620\" src=\"https:\/\/www.tiendanimal.es\/articulos\/wp-content\/uploads\/2023\/11\/historia-adopciones-vladi-anna-1-rotated.jpg\" alt=\"Conoce por qu\u00e9 Anna decidi\u00f3 adoptar a Valdi\" class=\"wp-image-46620\" srcset=\"https:\/\/www.tiendanimal.es\/articulos\/wp-content\/uploads\/2023\/11\/historia-adopciones-vladi-anna-1-rotated.jpg 317w, https:\/\/www.tiendanimal.es\/articulos\/wp-content\/uploads\/2023\/11\/historia-adopciones-vladi-anna-1-169x300.jpg 169w\" sizes=\"(max-width: 317px) 100vw, 317px\" \/><\/figure>\n<\/figure>\n\n\n\n<p class=\"has-background\" style=\"background-color:#e6f5db\"><strong>Anna nos cuenta por qu\u00e9 decidi\u00f3 adoptar a Vladi: <\/strong><\/p>\n\n\n\n<blockquote class=\"wp-block-quote is-layout-flow wp-block-quote-is-layout-flow\"><p>\u00ab<em>Siempre hab\u00eda querido adoptar un <strong>gatito siam\u00e9s,<\/strong> tengo mucha curiosidad por ellos. Desde que vi a Vladi llegar al box de&nbsp;adopci\u00f3n y conoc\u00ed su triste historia,<strong> supe que era \u00e9l<\/strong>\u00ab.<\/em><\/p><\/blockquote>\n\n\n\n<p>La paciencia y el afecto de Anna han transformado la vida de Vladi, asegurando que <strong>nunca m\u00e1s conocer\u00e1 la soledad<\/strong>.<\/p>\n\n\n\n<h2 class=\"wp-block-heading\"><span class=\"ez-toc-section\" id=\"Vladi_y_Burpee_companeros_inseparables_de_juego\"><\/span><strong>Vladi y Burpee, compa\u00f1eros inseparables de juego<\/strong><span class=\"ez-toc-section-end\"><\/span><\/h2>\n\n\n\n<div class=\"wp-block-image\"><figure class=\"alignright size-full is-resized\"><a href=\"https:\/\/www.tiendanimal.es\/articulos\/wp-content\/uploads\/2023\/11\/historia-adopcion-vladi-gato-rotated.jpg\"><img decoding=\"async\" src=\"https:\/\/www.tiendanimal.es\/articulos\/wp-content\/uploads\/2023\/11\/historia-adopcion-vladi-gato-rotated.jpg\" alt=\"Vladi y Burpee, compa\u00f1eros inseparables de juego\" class=\"wp-image-46715\" width=\"192\" height=\"340\"\/><\/a><\/figure><\/div>\n\n\n\n<div class=\"wp-block-image\"><figure class=\"alignright size-full is-resized\"><a href=\"https:\/\/www.tiendanimal.es\/articulos\/wp-content\/uploads\/2023\/11\/historia-adopcion-vladi-anna-ta.jpg\"><img decoding=\"async\" src=\"https:\/\/www.tiendanimal.es\/articulos\/wp-content\/uploads\/2023\/11\/historia-adopcion-vladi-anna-ta.jpg\" alt=\"Vlady y Burpee\" class=\"wp-image-46716\" width=\"193\" height=\"341\" srcset=\"https:\/\/www.tiendanimal.es\/articulos\/wp-content\/uploads\/2023\/11\/historia-adopcion-vladi-anna-ta.jpg 270w, https:\/\/www.tiendanimal.es\/articulos\/wp-content\/uploads\/2023\/11\/historia-adopcion-vladi-anna-ta-169x300.jpg 169w\" sizes=\"(max-width: 193px) 100vw, 193px\" \/><\/a><\/figure><\/div>\n\n\n\n<p>Antes de adoptar a Vladi, Anna ya ten\u00eda a Burpee, otro gatito que tambi\u00e9n fue adoptado de una familia que ya no pod\u00eda cuidarlo. Burpee, un <strong>gatete muy activo e inteligente<\/strong>, sol\u00eda aburrirse con casi todo, por lo que Anna decidi\u00f3 proporcionarle un <strong>compa\u00f1ero de juego.<\/strong> <\/p>\n\n\n\n<p>En la actualidad, <strong>Vladi y Burpee son inseparables<\/strong>. <em>\u00abCada vez que tengo que llevar a Vladi al veterinario y le meto en el transport\u00edn, Burpee se pone a llorar e intenta abrirlo para sacarle de ah\u00ed\u00bb<\/em>, cuenta Anna.<\/p>\n\n\n\n<p>Sin duda, la llegada de Vladi consolid\u00f3 una amistad inseparable entre estos dos gatitos.<\/p>\n\n\n\n<p>Desde Tiendanimal, les deseamos a Anna, Vladi y Burpee todo lo mejor en esta hermosa aventura juntos. \ud83d\ude0d<\/p>\n\n\n\n<div style=\"height:10px\" aria-hidden=\"true\" class=\"wp-block-spacer\"><\/div>\n\n\n\n<p>Y si deseas conocer m\u00e1s historias inspiradoras, no te pierdas las siguientes:<\/p>\n\n\n        <div class=\"grid\">\n        <div class=\"grid-sizer\"><\/div>\n                <a href=\"https:\/\/www.tiendanimal.es\/articulos\/historias-de-adopcion-milu-marieth\/\" class=\"ds-analytics-blog-related-posts\" title=\"Historias que dejan huella: Mil\u00fa &amp; Marieth\">\n            <div class=\"grid-item\">\n                <div style=\"background: url(https:\/\/www.tiendanimal.es\/articulos\/wp-content\/uploads\/2023\/10\/historias-adopcion-milu-y-marieth-768x512.jpg);background-size:cover;\n                background-position: center;background-repeat: no-repeat;height:230px;\">\n                <\/div>\n                <p class=\"slider-caption\">Historias que dejan huella: Mil\u00fa & Marieth<\/p>\n            <\/div>\n        <\/a>\n                <a href=\"https:\/\/www.tiendanimal.es\/articulos\/historias-de-adopcion-daysi-olga\/\" class=\"ds-analytics-blog-related-posts\" title=\"Historias que dejan huella: Daysi y Olga\">\n            <div class=\"grid-item\">\n                <div style=\"background: url(https:\/\/www.tiendanimal.es\/articulos\/wp-content\/uploads\/2023\/08\/historias-adopcion-olga-daysi-768x512.jpg);background-size:cover;\n                background-position: center;background-repeat: no-repeat;height:230px;\">\n                <\/div>\n                <p class=\"slider-caption\">Historias que dejan huella: Daysi y Olga<\/p>\n            <\/div>\n        <\/a>\n                <a href=\"https:\/\/www.tiendanimal.es\/articulos\/historias-de-adopcion-odin-ana\/\" class=\"ds-analytics-blog-related-posts\" title=\"Historias de adopci\u00f3n: Od\u00edn &amp; Ana\">\n            <div class=\"grid-item\">\n                <div style=\"background: url(https:\/\/www.tiendanimal.es\/articulos\/wp-content\/uploads\/2023\/06\/Historia-que-deja-huella-Odin-y-Ana-min-768x576.jpg);background-size:cover;\n                background-position: center;background-repeat: no-repeat;height:230px;\">\n                <\/div>\n                <p class=\"slider-caption\">Historias de adopci\u00f3n: Od\u00edn & Ana<\/p>\n            <\/div>\n        <\/a>\n            <\/div>\n    <script src=\"https:\/\/www.tiendanimal.es\/articulos\/wp-content\/themes\/astra-child-ta\/assets\/js\/masonry.pkgd.js\"><\/script>\n    <script type=\"text\/javascript\">\n        var $grid = jQuery('.grid').masonry({\n            itemSelector: '.grid-item',\n            percentPosition: true,\n            columnWidth: '.grid-sizer'\n        });\n    <\/script>\n    \n\n\n\n<div style=\"height:25px\" aria-hidden=\"true\" class=\"wp-block-spacer\"><\/div>\n\n\n\n<p class=\"has-background\" style=\"background-color:#e6f5db\">Si t\u00fa tambi\u00e9n quieres ampliar la familia, en <strong><a href=\"https:\/\/www.tiendanimal.es\/\" target=\"_blank\" rel=\"noreferrer noopener\">Tiendanimal<\/a><\/strong> colaboramos con <strong>protectoras y asociaciones<\/strong> para ayudar a los animales que buscan un hogar. P\u00e1sate por cualquiera de\u00a0<strong><a href=\"https:\/\/tiendas.tiendanimal.es\/\" target=\"_blank\" rel=\"noreferrer noopener\">nuestras tiendas<\/a><\/strong>\u00a0y pregunta por nuestro\u00a0<strong>servicio de adopci\u00f3n<\/strong>. Adem\u00e1s, visita nuestra plataforma <strong><a href=\"https:\/\/www.tiendanimal.es\/servicios\/adopta-con-tiendanimal\/\" target=\"_blank\" rel=\"noreferrer noopener\">Adopta con Tiendanimal<\/a><\/strong> y encuentra al compa\u00f1ero de cuatro patas que lleva toda la vida esper\u00e1ndote. \u00a1Tu mejor amigo est\u00e1 aqu\u00ed!<\/p>\n\n\n\n<p><a href=\"https:\/\/www.tiendanimal.es\/articulos\/historias-de-adopcion-daysi-olga\/\"><\/a><\/p>\n","protected":false},"excerpt":{"rendered":"<p>Conoce a Vladi y Anna, una pareja inseparable gracias a la adopci\u00f3n. Descubre c\u00f3mo un gatito abandonado y asustado encontr\u00f3 su hogar en el coraz\u00f3n de Anna.<\/p>\n","protected":false},"author":88,"featured_media":46615,"comment_status":"open","ping_status":"closed","sticky":false,"template":"","format":"standard","meta":{"_acf_changed":false,"_uag_custom_page_level_css":"","site-sidebar-layout":"default","site-content-layout":"","ast-site-content-layout":"default","site-content-style":"default","site-sidebar-style":"default","ast-global-header-display":"","ast-banner-title-visibility":"","ast-main-header-display":"","ast-hfb-above-header-display":"","ast-hfb-below-header-display":"","ast-hfb-mobile-header-display":"","site-post-title":"","ast-breadcrumbs-content":"","ast-featured-img":"","footer-sml-layout":"","theme-transparent-header-meta":"","adv-header-id-meta":"","stick-header-meta":"","header-above-stick-meta":"","header-main-stick-meta":"","header-below-stick-meta":"","astra-migrate-meta-layouts":"default","ast-page-background-enabled":"default","ast-page-background-meta":{"desktop":{"background-color":"var(--ast-global-color-5)","background-image":"","background-repeat":"repeat","background-position":"center center","background-size":"auto","background-attachment":"scroll","background-type":"","background-media":"","overlay-type":"","overlay-color":"","overlay-opacity":"","overlay-gradient":""},"tablet":{"background-color":"","background-image":"","background-repeat":"repeat","background-position":"center center","background-size":"auto","background-attachment":"scroll","background-type":"","background-media":"","overlay-type":"","overlay-color":"","overlay-opacity":"","overlay-gradient":""},"mobile":{"background-color":"","background-image":"","background-repeat":"repeat","background-position":"center center","background-size":"auto","background-attachment":"scroll","background-type":"","background-media":"","overlay-type":"","overlay-color":"","overlay-opacity":"","overlay-gradient":""}},"ast-content-background-meta":{"desktop":{"background-color":"var(--ast-global-color-4)","background-image":"","background-repeat":"repeat","background-position":"center center","background-size":"auto","background-attachment":"scroll","background-type":"","background-media":"","overlay-type":"","overlay-color":"","overlay-opacity":"","overlay-gradient":""},"tablet":{"background-color":"var(--ast-global-color-4)","background-image":"","background-repeat":"repeat","background-position":"center center","background-size":"auto","background-attachment":"scroll","background-type":"","background-media":"","overlay-type":"","overlay-color":"","overlay-opacity":"","overlay-gradient":""},"mobile":{"background-color":"var(--ast-global-color-4)","background-image":"","background-repeat":"repeat","background-position":"center center","background-size":"auto","background-attachment":"scroll","background-type":"","background-media":"","overlay-type":"","overlay-color":"","overlay-opacity":"","overlay-gradient":""}},"footnotes":""},"categories":[3506,3507],"tags":[3520],"class_list":["post-46612","post","type-post","status-publish","format-standard","has-post-thumbnail","hentry","category-territorio-animal","category-adopciones","tag-adopciones","generate-columns","tablet-grid-50","mobile-grid-100","grid-parent","grid-33"],"acf":[],"uagb_featured_image_src":{"full":["https:\/\/www.tiendanimal.es\/articulos\/wp-content\/uploads\/2023\/11\/historia-adopcion-vladi-anna-tiendanimal.jpg",900,600,false],"thumbnail":["https:\/\/www.tiendanimal.es\/articulos\/wp-content\/uploads\/2023\/11\/historia-adopcion-vladi-anna-tiendanimal-150x150.jpg",150,150,true],"medium":["https:\/\/www.tiendanimal.es\/articulos\/wp-content\/uploads\/2023\/11\/historia-adopcion-vladi-anna-tiendanimal-300x200.jpg",300,200,true],"medium_large":["https:\/\/www.tiendanimal.es\/articulos\/wp-content\/uploads\/2023\/11\/historia-adopcion-vladi-anna-tiendanimal-768x512.jpg",768,512,true],"large":["https:\/\/www.tiendanimal.es\/articulos\/wp-content\/uploads\/2023\/11\/historia-adopcion-vladi-anna-tiendanimal.jpg",900,600,false],"1536x1536":["https:\/\/www.tiendanimal.es\/articulos\/wp-content\/uploads\/2023\/11\/historia-adopcion-vladi-anna-tiendanimal.jpg",900,600,false],"2048x2048":["https:\/\/www.tiendanimal.es\/articulos\/wp-content\/uploads\/2023\/11\/historia-adopcion-vladi-anna-tiendanimal.jpg",900,600,false]},"uagb_author_info":{"display_name":"Tiendanimal","author_link":"https:\/\/www.tiendanimal.es\/articulos\/author\/lucia\/"},"uagb_comment_info":0,"uagb_excerpt":"Conoce a Vladi y Anna, una pareja inseparable gracias a la adopci\u00f3n. Descubre c\u00f3mo un gatito abandonado y asustado encontr\u00f3 su hogar en el coraz\u00f3n de Anna.","_links":{"self":[{"href":"https:\/\/www.tiendanimal.es\/articulos\/wp-json\/wp\/v2\/posts\/46612","targetHints":{"allow":["GET"]}}],"collection":[{"href":"https:\/\/www.tiendanimal.es\/articulos\/wp-json\/wp\/v2\/posts"}],"about":[{"href":"https:\/\/www.tiendanimal.es\/articulos\/wp-json\/wp\/v2\/types\/post"}],"author":[{"embeddable":true,"href":"https:\/\/www.tiendanimal.es\/articulos\/wp-json\/wp\/v2\/users\/88"}],"replies":[{"embeddable":true,"href":"https:\/\/www.tiendanimal.es\/articulos\/wp-json\/wp\/v2\/comments?post=46612"}],"version-history":[{"count":20,"href":"https:\/\/www.tiendanimal.es\/articulos\/wp-json\/wp\/v2\/posts\/46612\/revisions"}],"predecessor-version":[{"id":67842,"href":"https:\/\/www.tiendanimal.es\/articulos\/wp-json\/wp\/v2\/posts\/46612\/revisions\/67842"}],"wp:featuredmedia":[{"embeddable":true,"href":"https:\/\/www.tiendanimal.es\/articulos\/wp-json\/wp\/v2\/media\/46615"}],"wp:attachment":[{"href":"https:\/\/www.tiendanimal.es\/articulos\/wp-json\/wp\/v2\/media?parent=46612"}],"wp:term":[{"taxonomy":"category","embeddable":true,"href":"https:\/\/www.tiendanimal.es\/articulos\/wp-json\/wp\/v2\/categories?post=46612"},{"taxonomy":"post_tag","embeddable":true,"href":"https:\/\/www.tiendanimal.es\/articulos\/wp-json\/wp\/v2\/tags?post=46612"}],"curies":[{"name":"wp","href":"https:\/\/api.w.org\/{rel}","templated":true}]}}