{"id":40196,"date":"2023-07-31T13:21:24","date_gmt":"2023-07-31T12:21:24","guid":{"rendered":"https:\/\/www.tiendanimal.es\/articulos\/?p=40196"},"modified":"2024-05-14T15:37:15","modified_gmt":"2024-05-14T14:37:15","slug":"historias-de-adopcion-odin-ana","status":"publish","type":"post","link":"https:\/\/www.tiendanimal.es\/articulos\/historias-de-adopcion-odin-ana\/","title":{"rendered":"Historias de adopci\u00f3n: Od\u00edn &#038; Ana"},"content":{"rendered":"<div id=\"ez-toc-container\" class=\"ez-toc-v2_0_82_2 counter-hierarchy ez-toc-counter ez-toc-grey ez-toc-container-direction\">\n<div class=\"ez-toc-title-container\">\n<p class=\"ez-toc-title\" style=\"cursor:inherit\">\u00cdndice<\/p>\n<span class=\"ez-toc-title-toggle\"><a href=\"#\" class=\"ez-toc-pull-right ez-toc-btn ez-toc-btn-xs ez-toc-btn-default ez-toc-toggle\" aria-label=\"Alternar tabla de contenidos\"><span class=\"ez-toc-js-icon-con\"><span class=\"\"><span class=\"eztoc-hide\" style=\"display:none;\">Toggle<\/span><span class=\"ez-toc-icon-toggle-span\"><svg style=\"fill: #999;color:#999\" xmlns=\"http:\/\/www.w3.org\/2000\/svg\" class=\"list-377408\" width=\"20px\" height=\"20px\" viewBox=\"0 0 24 24\" fill=\"none\"><path d=\"M6 6H4v2h2V6zm14 0H8v2h12V6zM4 11h2v2H4v-2zm16 0H8v2h12v-2zM4 16h2v2H4v-2zm16 0H8v2h12v-2z\" fill=\"currentColor\"><\/path><\/svg><svg style=\"fill: #999;color:#999\" class=\"arrow-unsorted-368013\" xmlns=\"http:\/\/www.w3.org\/2000\/svg\" width=\"10px\" height=\"10px\" viewBox=\"0 0 24 24\" version=\"1.2\" baseProfile=\"tiny\"><path d=\"M18.2 9.3l-6.2-6.3-6.2 6.3c-.2.2-.3.4-.3.7s.1.5.3.7c.2.2.4.3.7.3h11c.3 0 .5-.1.7-.3.2-.2.3-.5.3-.7s-.1-.5-.3-.7zM5.8 14.7l6.2 6.3 6.2-6.3c.2-.2.3-.5.3-.7s-.1-.5-.3-.7c-.2-.2-.4-.3-.7-.3h-11c-.3 0-.5.1-.7.3-.2.2-.3.5-.3.7s.1.5.3.7z\"\/><\/svg><\/span><\/span><\/span><\/a><\/span><\/div>\n<nav><ul class='ez-toc-list ez-toc-list-level-1 ' ><li class='ez-toc-page-1 ez-toc-heading-level-2'><a class=\"ez-toc-link ez-toc-heading-1\" href=\"https:\/\/www.tiendanimal.es\/articulos\/historias-de-adopcion-odin-ana\/#Una_conexion_increible\" >Una conexi\u00f3n incre\u00edble<\/a><\/li><li class='ez-toc-page-1 ez-toc-heading-level-2'><a class=\"ez-toc-link ez-toc-heading-2\" href=\"https:\/\/www.tiendanimal.es\/articulos\/historias-de-adopcion-odin-ana\/#Una_familia_llena_de_peludos\" >Una familia llena de peludos<\/a><\/li><\/ul><\/nav><\/div>\n\n<p><strong>Od\u00edn<\/strong> <strong>es un peque\u00f1o gatito<\/strong>, y su historia refleja la dura realidad que sufren muchos animalitos: <strong>El abandono.<\/strong> Od\u00edn y sus hermanitos fueron descubiertos en unos<strong> cubos de la basura<\/strong> por una protectora. Estos gatitos estaban en unas condiciones horribles, y sufr\u00edan una gran infecci\u00f3n en los ojitos, ti\u00f1a y desnutrici\u00f3n.&nbsp;<\/p>\n\n\n\n<p>La protectora los rescat\u00f3 r\u00e1pidamente y los tuvo en acogida temporal, para que pudieran <strong>recibir los cuidados necesarios<\/strong> para recuperarse antes de encontrar <strong>un hogar definitivo.<\/strong><\/p>\n\n\n\n<p>Con el paso del tiempo, en septiembre de 2021,<strong> Od\u00edn<\/strong> estaba mucho mejor de salud y lo \u00fanico que le faltaba era encontrar un hogar en el que le brindaran todo el amor que necesitaba.<\/p>\n\n\n\n<p>La protectora decidi\u00f3 ir a<strong> <a href=\"https:\/\/www.tiendanimal.es\/tienda-de-productos-para-mascotas-en-los-barrios-cadiz.html\" target=\"_blank\" rel=\"noreferrer noopener\">Tiendanimal Guadacorte (C\u00e1diz)<\/a><\/strong> para ver si pod\u00edan ayudarla, y fue justo en ese mismo instante cuando <strong>Ana y Od\u00edn se conocieron.<\/strong><\/p>\n\n\n\n<h2 class=\"wp-block-heading\"><span class=\"ez-toc-section\" id=\"Una_conexion_increible\"><\/span>Una conexi\u00f3n incre\u00edble<span class=\"ez-toc-section-end\"><\/span><\/h2>\n\n\n\n<p><strong>Ana<\/strong>, una colaboradora de la tienda, cruz\u00f3 su mirada con la de <strong>Od\u00edn<\/strong> y se produjo una conexi\u00f3n \u00fanica entre ellos. <strong>Ana sinti\u00f3 que deb\u00eda adoptarlo<\/strong> y llevarlo a su casa para que el peque\u00f1o gatito continuase con su tratamiento. A pesar de los mimos y los cuidados de Ana, <strong>no pudieron salvar el ojito de Od\u00edn<\/strong> ya que la infecci\u00f3n que tuvo fue demasiado severa, pero lo importante era que <strong>Od\u00edn finalmente tenia una casa para siempre<\/strong>, donde recibir\u00eda todo el amor y atenci\u00f3n que necesitaba, y donde jam\u00e1s volver\u00eda a estar solo.<\/p>\n\n\n\n<div class=\"wp-block-columns is-layout-flex wp-container-core-columns-is-layout-28f84493 wp-block-columns-is-layout-flex\">\n<div class=\"wp-block-column is-layout-flow wp-block-column-is-layout-flow\">\n<figure class=\"wp-block-image size-large is-resized\"><a href=\"https:\/\/www.tiendanimal.es\/articulos\/wp-content\/uploads\/2023\/06\/Historia-que-deja-huella-Ana-y-Odin-min-1-scaled.jpg\"><img decoding=\"async\" src=\"https:\/\/www.tiendanimal.es\/articulos\/wp-content\/uploads\/2023\/06\/Historia-que-deja-huella-Ana-y-Odin-min-1-768x1024.jpg\" alt=\"Historias que dejan huella Od\u00edn y Ana\" class=\"wp-image-40200\" width=\"329\" height=\"437\"\/><\/a><\/figure>\n<\/div>\n\n\n\n<div class=\"wp-block-column is-layout-flow wp-block-column-is-layout-flow\">\n<figure class=\"wp-block-image size-large is-resized\"><a href=\"https:\/\/www.tiendanimal.es\/articulos\/wp-content\/uploads\/2023\/06\/Historias-que-dejan-huella-Ana-y-Odin-min-scaled.jpg\"><img decoding=\"async\" src=\"https:\/\/www.tiendanimal.es\/articulos\/wp-content\/uploads\/2023\/06\/Historias-que-dejan-huella-Ana-y-Odin-min-1024x768.jpg\" alt=\"Historias que dejan huella Ana y Od\u00edn \" class=\"wp-image-40201\" width=\"436\" height=\"326\" srcset=\"https:\/\/www.tiendanimal.es\/articulos\/wp-content\/uploads\/2023\/06\/Historias-que-dejan-huella-Ana-y-Odin-min-1024x768.jpg 1024w, https:\/\/www.tiendanimal.es\/articulos\/wp-content\/uploads\/2023\/06\/Historias-que-dejan-huella-Ana-y-Odin-min-300x225.jpg 300w, https:\/\/www.tiendanimal.es\/articulos\/wp-content\/uploads\/2023\/06\/Historias-que-dejan-huella-Ana-y-Odin-min-768x576.jpg 768w, https:\/\/www.tiendanimal.es\/articulos\/wp-content\/uploads\/2023\/06\/Historias-que-dejan-huella-Ana-y-Odin-min-1536x1152.jpg 1536w, https:\/\/www.tiendanimal.es\/articulos\/wp-content\/uploads\/2023\/06\/Historias-que-dejan-huella-Ana-y-Odin-min-2048x1536.jpg 2048w\" sizes=\"(max-width: 436px) 100vw, 436px\" \/><\/a><\/figure>\n<\/div>\n<\/div>\n\n\n\n<h2 class=\"wp-block-heading\"><span class=\"ez-toc-section\" id=\"Una_familia_llena_de_peludos\"><\/span>Una familia llena de peludos<span class=\"ez-toc-section-end\"><\/span><\/h2>\n\n\n\n<blockquote class=\"wp-block-quote is-layout-flow wp-block-quote-is-layout-flow\"><p>En palabras de Ana: \u201dCuando nos conocimos <strong>not\u00e9 una conexi\u00f3n especial <\/strong>con \u00e9l, adem\u00e1s sab\u00eda que al ser un gatito de color negro y estar enfermo le iba a costar mucho encontrar una familia y eso me part\u00eda el coraz\u00f3n, me llam\u00f3 la atenci\u00f3n lo bueno, noble y cari\u00f1oso que era pese a todo lo que hab\u00eda sufrido, la protectora me dej\u00f3 cogerlo en brazitos unos segundos y <strong>desde ese d\u00eda somos inseparables\u201d<\/strong>&nbsp;&nbsp;&nbsp;&nbsp;&nbsp;&nbsp;&nbsp;&nbsp;&nbsp;&nbsp;&nbsp;&nbsp;&nbsp;&nbsp;&nbsp;&nbsp;&nbsp;&nbsp;&nbsp;&nbsp;&nbsp;&nbsp;&nbsp;&nbsp;&nbsp;&nbsp;&nbsp;&nbsp;&nbsp;&nbsp;&nbsp;&nbsp;&nbsp;&nbsp;&nbsp;&nbsp;&nbsp;&nbsp;&nbsp;&nbsp;&nbsp;&nbsp;&nbsp;&nbsp;&nbsp;&nbsp;&nbsp;&nbsp;&nbsp;&nbsp;&nbsp;&nbsp;&nbsp;&nbsp;&nbsp;&nbsp;&nbsp;&nbsp;&nbsp;&nbsp;&nbsp;&nbsp;&nbsp;&nbsp;&nbsp;&nbsp;&nbsp;&nbsp;&nbsp;&nbsp;&nbsp;&nbsp;&nbsp;&nbsp;&nbsp;&nbsp;&nbsp;&nbsp;&nbsp;&nbsp;&nbsp;&nbsp;&nbsp;&nbsp;&nbsp;&nbsp;&nbsp;&nbsp;&nbsp;&nbsp;&nbsp;&nbsp;&nbsp;&nbsp;&nbsp;&nbsp;&nbsp;&nbsp;<\/p><\/blockquote>\n\n\n\n<p>En el momento en el que lleg\u00f3 Od\u00edn a casa, Ana ten\u00eda a su perrita Lola de 14 a\u00f1os, a Sasha, una chihuahua de 6 a\u00f1os y a Eyra, de casi 2 a\u00f1os. Sasha falleci\u00f3 y adoptaron a otro perrito, Dobby, de 6 meses de edad. Todos los peludos se llevan estupendamente, pero en especial<strong> Od\u00edn y Dobby<\/strong>, que desde el primer d\u00eda que se conocieron hicieron una pi\u00f1a y ahora <strong>son totalmente inseparables.<\/strong><\/p>\n\n\n\n<div class=\"wp-block-image\"><figure class=\"aligncenter size-large is-resized\"><a href=\"https:\/\/www.tiendanimal.es\/articulos\/wp-content\/uploads\/2023\/06\/Historias-que-dejan-huella-Odin-y-Ana-min-scaled.jpg\"><img decoding=\"async\" src=\"https:\/\/www.tiendanimal.es\/articulos\/wp-content\/uploads\/2023\/06\/Historias-que-dejan-huella-Odin-y-Ana-min-1024x768.jpg\" alt=\"Historias que dejan huella Od\u00edn &amp; Ana\" class=\"wp-image-40202\" width=\"813\" height=\"609\" srcset=\"https:\/\/www.tiendanimal.es\/articulos\/wp-content\/uploads\/2023\/06\/Historias-que-dejan-huella-Odin-y-Ana-min-1024x768.jpg 1024w, https:\/\/www.tiendanimal.es\/articulos\/wp-content\/uploads\/2023\/06\/Historias-que-dejan-huella-Odin-y-Ana-min-300x225.jpg 300w, https:\/\/www.tiendanimal.es\/articulos\/wp-content\/uploads\/2023\/06\/Historias-que-dejan-huella-Odin-y-Ana-min-768x576.jpg 768w, https:\/\/www.tiendanimal.es\/articulos\/wp-content\/uploads\/2023\/06\/Historias-que-dejan-huella-Odin-y-Ana-min-1536x1152.jpg 1536w, https:\/\/www.tiendanimal.es\/articulos\/wp-content\/uploads\/2023\/06\/Historias-que-dejan-huella-Odin-y-Ana-min-2048x1536.jpg 2048w\" sizes=\"(max-width: 813px) 100vw, 813px\" \/><\/a><\/figure><\/div>\n\n\n\n<p>Ahora todos forman una gran familia, y desde <strong>Tiendanimal<\/strong> estamos muy felices de que una historia como la de Od\u00edn sea un recordatorio conmovedor de como el amor y el cari\u00f1o pueden transformar la vida de un animal abandonado, incluso en las circunstancias m\u00e1s dif\u00edciles.<\/p>\n\n\n\n<p>\u00a1Os deseamos toda la felicidad del mundo!<\/p>\n\n\n\n<p class=\"has-background\" style=\"background-color:#e6f5db\">Si t\u00fa tambi\u00e9n quieres ampliar la familia, en <strong><a href=\"https:\/\/www.tiendanimal.es\/\" target=\"_blank\" rel=\"noreferrer noopener\">Tiendanimal<\/a><\/strong> colaboramos con <strong>protectoras y asociaciones<\/strong> para ayudar a los animales que buscan un hogar. P\u00e1sate por cualquiera de\u00a0<strong><a href=\"https:\/\/tiendas.tiendanimal.es\/\" target=\"_blank\" rel=\"noreferrer noopener\">nuestras tiendas<\/a><\/strong>\u00a0y pregunta por nuestro\u00a0<strong>servicio de adopci\u00f3n<\/strong>. Adem\u00e1s, visita nuestra plataforma <strong><a href=\"https:\/\/www.tiendanimal.es\/servicios\/adopta-con-tiendanimal\/\" target=\"_blank\" rel=\"noreferrer noopener\">Adopta con Tiendanimal<\/a><\/strong> y encuentra al compa\u00f1ero de cuatro patas que lleva toda la vida esper\u00e1ndote. \u00a1Tu mejor amigo est\u00e1 aqu\u00ed!<\/p>\n","protected":false},"excerpt":{"rendered":"<p>Od\u00edn es un peque\u00f1o gatito, y su historia refleja la dura realidad que sufren muchos animalitos: El abandono. Od\u00edn y sus hermanitos fueron descubiertos en &#8230; <a title=\"Historias de adopci\u00f3n: Od\u00edn &#038; Ana\" class=\"read-more\" href=\"https:\/\/www.tiendanimal.es\/articulos\/historias-de-adopcion-odin-ana\/\">Leer m\u00e1s<\/a><\/p>\n","protected":false},"author":88,"featured_media":40197,"comment_status":"open","ping_status":"closed","sticky":false,"template":"","format":"standard","meta":{"_acf_changed":false,"_uag_custom_page_level_css":"","site-sidebar-layout":"default","site-content-layout":"","ast-site-content-layout":"default","site-content-style":"default","site-sidebar-style":"default","ast-global-header-display":"","ast-banner-title-visibility":"","ast-main-header-display":"","ast-hfb-above-header-display":"","ast-hfb-below-header-display":"","ast-hfb-mobile-header-display":"","site-post-title":"","ast-breadcrumbs-content":"","ast-featured-img":"","footer-sml-layout":"","theme-transparent-header-meta":"","adv-header-id-meta":"","stick-header-meta":"","header-above-stick-meta":"","header-main-stick-meta":"","header-below-stick-meta":"","astra-migrate-meta-layouts":"default","ast-page-background-enabled":"default","ast-page-background-meta":{"desktop":{"background-color":"var(--ast-global-color-5)","background-image":"","background-repeat":"repeat","background-position":"center center","background-size":"auto","background-attachment":"scroll","background-type":"","background-media":"","overlay-type":"","overlay-color":"","overlay-opacity":"","overlay-gradient":""},"tablet":{"background-color":"","background-image":"","background-repeat":"repeat","background-position":"center center","background-size":"auto","background-attachment":"scroll","background-type":"","background-media":"","overlay-type":"","overlay-color":"","overlay-opacity":"","overlay-gradient":""},"mobile":{"background-color":"","background-image":"","background-repeat":"repeat","background-position":"center center","background-size":"auto","background-attachment":"scroll","background-type":"","background-media":"","overlay-type":"","overlay-color":"","overlay-opacity":"","overlay-gradient":""}},"ast-content-background-meta":{"desktop":{"background-color":"var(--ast-global-color-4)","background-image":"","background-repeat":"repeat","background-position":"center center","background-size":"auto","background-attachment":"scroll","background-type":"","background-media":"","overlay-type":"","overlay-color":"","overlay-opacity":"","overlay-gradient":""},"tablet":{"background-color":"var(--ast-global-color-4)","background-image":"","background-repeat":"repeat","background-position":"center center","background-size":"auto","background-attachment":"scroll","background-type":"","background-media":"","overlay-type":"","overlay-color":"","overlay-opacity":"","overlay-gradient":""},"mobile":{"background-color":"var(--ast-global-color-4)","background-image":"","background-repeat":"repeat","background-position":"center center","background-size":"auto","background-attachment":"scroll","background-type":"","background-media":"","overlay-type":"","overlay-color":"","overlay-opacity":"","overlay-gradient":""}},"footnotes":""},"categories":[3506,3507],"tags":[3520],"class_list":["post-40196","post","type-post","status-publish","format-standard","has-post-thumbnail","hentry","category-territorio-animal","category-adopciones","tag-adopciones","generate-columns","tablet-grid-50","mobile-grid-100","grid-parent","grid-33"],"acf":[],"uagb_featured_image_src":{"full":["https:\/\/www.tiendanimal.es\/articulos\/wp-content\/uploads\/2023\/06\/Historia-que-deja-huella-Odin-y-Ana-min-scaled.jpg",2560,1920,false],"thumbnail":["https:\/\/www.tiendanimal.es\/articulos\/wp-content\/uploads\/2023\/06\/Historia-que-deja-huella-Odin-y-Ana-min-150x150.jpg",150,150,true],"medium":["https:\/\/www.tiendanimal.es\/articulos\/wp-content\/uploads\/2023\/06\/Historia-que-deja-huella-Odin-y-Ana-min-300x225.jpg",300,225,true],"medium_large":["https:\/\/www.tiendanimal.es\/articulos\/wp-content\/uploads\/2023\/06\/Historia-que-deja-huella-Odin-y-Ana-min-768x576.jpg",768,576,true],"large":["https:\/\/www.tiendanimal.es\/articulos\/wp-content\/uploads\/2023\/06\/Historia-que-deja-huella-Odin-y-Ana-min-1024x768.jpg",1024,768,true],"1536x1536":["https:\/\/www.tiendanimal.es\/articulos\/wp-content\/uploads\/2023\/06\/Historia-que-deja-huella-Odin-y-Ana-min-1536x1152.jpg",1536,1152,true],"2048x2048":["https:\/\/www.tiendanimal.es\/articulos\/wp-content\/uploads\/2023\/06\/Historia-que-deja-huella-Odin-y-Ana-min-2048x1536.jpg",2048,1536,true]},"uagb_author_info":{"display_name":"Tiendanimal","author_link":"https:\/\/www.tiendanimal.es\/articulos\/author\/lucia\/"},"uagb_comment_info":0,"uagb_excerpt":"Od\u00edn es un peque\u00f1o gatito, y su historia refleja la dura realidad que sufren muchos animalitos: El abandono. Od\u00edn y sus hermanitos fueron descubiertos en ... Leer m\u00e1s","_links":{"self":[{"href":"https:\/\/www.tiendanimal.es\/articulos\/wp-json\/wp\/v2\/posts\/40196","targetHints":{"allow":["GET"]}}],"collection":[{"href":"https:\/\/www.tiendanimal.es\/articulos\/wp-json\/wp\/v2\/posts"}],"about":[{"href":"https:\/\/www.tiendanimal.es\/articulos\/wp-json\/wp\/v2\/types\/post"}],"author":[{"embeddable":true,"href":"https:\/\/www.tiendanimal.es\/articulos\/wp-json\/wp\/v2\/users\/88"}],"replies":[{"embeddable":true,"href":"https:\/\/www.tiendanimal.es\/articulos\/wp-json\/wp\/v2\/comments?post=40196"}],"version-history":[{"count":5,"href":"https:\/\/www.tiendanimal.es\/articulos\/wp-json\/wp\/v2\/posts\/40196\/revisions"}],"predecessor-version":[{"id":41636,"href":"https:\/\/www.tiendanimal.es\/articulos\/wp-json\/wp\/v2\/posts\/40196\/revisions\/41636"}],"wp:featuredmedia":[{"embeddable":true,"href":"https:\/\/www.tiendanimal.es\/articulos\/wp-json\/wp\/v2\/media\/40197"}],"wp:attachment":[{"href":"https:\/\/www.tiendanimal.es\/articulos\/wp-json\/wp\/v2\/media?parent=40196"}],"wp:term":[{"taxonomy":"category","embeddable":true,"href":"https:\/\/www.tiendanimal.es\/articulos\/wp-json\/wp\/v2\/categories?post=40196"},{"taxonomy":"post_tag","embeddable":true,"href":"https:\/\/www.tiendanimal.es\/articulos\/wp-json\/wp\/v2\/tags?post=40196"}],"curies":[{"name":"wp","href":"https:\/\/api.w.org\/{rel}","templated":true}]}}