{"id":34238,"date":"2021-01-11T09:00:00","date_gmt":"2021-01-11T08:00:00","guid":{"rendered":"https:\/\/www.tiendanimal.es\/articulos\/?p=34238"},"modified":"2024-02-14T17:25:54","modified_gmt":"2024-02-14T16:25:54","slug":"dia-mundial-de-la-nieve","status":"publish","type":"post","link":"https:\/\/www.tiendanimal.es\/articulos\/dia-mundial-de-la-nieve\/","title":{"rendered":"D\u00eda Mundial de la Nieve"},"content":{"rendered":"<div id=\"ez-toc-container\" class=\"ez-toc-v2_0_82_2 counter-hierarchy ez-toc-counter ez-toc-grey ez-toc-container-direction\">\n<div class=\"ez-toc-title-container\">\n<p class=\"ez-toc-title\" style=\"cursor:inherit\">\u00cdndice<\/p>\n<span class=\"ez-toc-title-toggle\"><a href=\"#\" class=\"ez-toc-pull-right ez-toc-btn ez-toc-btn-xs ez-toc-btn-default ez-toc-toggle\" aria-label=\"Alternar tabla de contenidos\"><span class=\"ez-toc-js-icon-con\"><span class=\"\"><span class=\"eztoc-hide\" style=\"display:none;\">Toggle<\/span><span class=\"ez-toc-icon-toggle-span\"><svg style=\"fill: #999;color:#999\" xmlns=\"http:\/\/www.w3.org\/2000\/svg\" class=\"list-377408\" width=\"20px\" height=\"20px\" viewBox=\"0 0 24 24\" fill=\"none\"><path d=\"M6 6H4v2h2V6zm14 0H8v2h12V6zM4 11h2v2H4v-2zm16 0H8v2h12v-2zM4 16h2v2H4v-2zm16 0H8v2h12v-2z\" fill=\"currentColor\"><\/path><\/svg><svg style=\"fill: #999;color:#999\" class=\"arrow-unsorted-368013\" xmlns=\"http:\/\/www.w3.org\/2000\/svg\" width=\"10px\" height=\"10px\" viewBox=\"0 0 24 24\" version=\"1.2\" baseProfile=\"tiny\"><path d=\"M18.2 9.3l-6.2-6.3-6.2 6.3c-.2.2-.3.4-.3.7s.1.5.3.7c.2.2.4.3.7.3h11c.3 0 .5-.1.7-.3.2-.2.3-.5.3-.7s-.1-.5-.3-.7zM5.8 14.7l6.2 6.3 6.2-6.3c.2-.2.3-.5.3-.7s-.1-.5-.3-.7c-.2-.2-.4-.3-.7-.3h-11c-.3 0-.5.1-.7.3-.2.2-.3.5-.3.7s.1.5.3.7z\"\/><\/svg><\/span><\/span><\/span><\/a><\/span><\/div>\n<nav><ul class='ez-toc-list ez-toc-list-level-1 ' ><li class='ez-toc-page-1 ez-toc-heading-level-2'><a class=\"ez-toc-link ez-toc-heading-1\" href=\"https:\/\/www.tiendanimal.es\/articulos\/dia-mundial-de-la-nieve\/#%C2%BFCuando_se_celebra_el_Dia_Mundial_de_la_Nieve\" >\u00bfCu\u00e1ndo se celebra el D\u00eda Mundial de la Nieve?<\/a><\/li><li class='ez-toc-page-1 ez-toc-heading-level-2'><a class=\"ez-toc-link ez-toc-heading-2\" href=\"https:\/\/www.tiendanimal.es\/articulos\/dia-mundial-de-la-nieve\/#La_importancia_de_los_ecosistemas_de_nieve_y_hielo\" >La importancia de los ecosistemas de nieve y hielo<\/a><\/li><li class='ez-toc-page-1 ez-toc-heading-level-2'><a class=\"ez-toc-link ez-toc-heading-3\" href=\"https:\/\/www.tiendanimal.es\/articulos\/dia-mundial-de-la-nieve\/#Animales_de_nieve_Belleza_en_el_frio\" >Animales de nieve: Belleza en el fr\u00edo<\/a><\/li><\/ul><\/nav><\/div>\n\n<p>Son muchas las personas que aprovechan la ca\u00edda de los primeros copos de nieve para <strong>salir a disfrutar de toda clase de actividades al aire libre<\/strong>, con mascotas incluidas. Y es que para la mayor\u00eda un acontecimiento como este no sucede ni cada d\u00eda ni en todos los lugares.&nbsp;<\/p>\n\n\n\n<p>Con todo, la nieve no solo trae consigo paisajes espectaculares y momentos de diversi\u00f3n, sino que ofrece <strong>m\u00faltiples ventajas para la salud de personas y animales<\/strong>:<\/p>\n\n\n\n<ul class=\"wp-block-list\"><li><strong>Mejora la calidad del aire<\/strong> que se respira <strong>y la circulaci\u00f3n sangu\u00ednea<\/strong> tambi\u00e9n.<\/li><li>Durante esta \u00e9poca <strong>se queman m\u00e1s calor\u00edas<\/strong>.<\/li><li>El fr\u00edo act\u00faa como <strong>analg\u00e9sico natural<\/strong>.<\/li><li><strong>Promueve la longevidad<\/strong>.<\/li><li>Los d\u00edas m\u00e1s cortos y las noches m\u00e1s largas, caracter\u00edsticos en invierno, hacen que se segregue m\u00e1s melatonina y, por tanto, que <strong>se duerma m\u00e1s y mejor<\/strong>.<\/li><li><strong>Genera un ambiente libre de alergias<\/strong>.<\/li><\/ul>\n\n\n\n<p>Toda una ciencia que se esconde bajo un llamativo manto blanco que <strong>influye de forma positiva<\/strong> en el ecosistema y en todos los seres que lo habitan.&nbsp;<\/p>\n\n\n\n<h2 class=\"wp-block-heading\"><span class=\"ez-toc-section\" id=\"%C2%BFCuando_se_celebra_el_Dia_Mundial_de_la_Nieve\"><\/span>\u00bfCu\u00e1ndo se celebra el D\u00eda Mundial de la Nieve?<span class=\"ez-toc-section-end\"><\/span><\/h2>\n\n\n\n<p>Cada <strong>tercer domingo de enero<\/strong> se celebra el D\u00eda Mundial de la Nieve, fecha promovida por la Federaci\u00f3n Internacional de Esqu\u00ed que se celebra simult\u00e1neamente en todas las estaciones de esqu\u00ed en el mundo, donde se ponen en marcha eventos deportivos y competiciones, entre otras muchas actividades.<\/p>\n\n\n\n<p>La raz\u00f3n para celebrar este d\u00eda viene motivada por destacar <strong>la importancia que tiene la nieve para la vida en el planeta<\/strong>. Sin ella, por ejemplo, desaparecer\u00edan los glaciares, <strong>principales reservas de agua dulce<\/strong> en la Tierra. Adem\u00e1s, <strong>sirve de h\u00e1bitat para diversas especies animales <\/strong>y vegetales.<\/p>\n\n\n\n<h2 class=\"wp-block-heading\"><span class=\"ez-toc-section\" id=\"La_importancia_de_los_ecosistemas_de_nieve_y_hielo\"><\/span>La importancia de los ecosistemas de nieve y hielo<span class=\"ez-toc-section-end\"><\/span><\/h2>\n\n\n\n<p>Los ecosistemas de nieve y hielo son fundamentales para <strong>mantener el \u201cequilibrio clim\u00e1tico\u201d del planeta<\/strong>. Y es que son muchos los beneficios que ofrecen tanto a la fauna como a la flora:<\/p>\n\n\n\n<ul class=\"wp-block-list\"><li><strong>Proporcionan reservas de agua dulce<\/strong>, esenciales para la vida.<\/li><li><strong>Favorecen el desarrollo de los cultivos<\/strong>, hidratando el suelo para las cosechas de la primavera.<\/li><li><strong>Act\u00faan como insecticida natural<\/strong>, eliminando plagas que afectan a las plantas.<\/li><li><strong>Influyen en la estabilidad del clima<\/strong>, condicionando as\u00ed el estilo de vida de todos los seres que habitan la Tierra.<\/li><li><strong>El letargo invernal beneficia a muchas especies animales<\/strong>, proporcionando con la nieve un efecto aislante para hacer frente a las bajas temperaturas.<\/li><\/ul>\n\n\n\n<h2 class=\"wp-block-heading\"><span class=\"ez-toc-section\" id=\"Animales_de_nieve_Belleza_en_el_frio\"><\/span>Animales de nieve: Belleza en el fr\u00edo<span class=\"ez-toc-section-end\"><\/span><\/h2>\n\n\n\n<p>Como ya se adelant\u00f3, sin nieve no habr\u00eda r\u00edos ni bosques ni fauna que poblaran estos y otros h\u00e1bitats. Algo que recuerda la <strong>importancia de la biodiversidad<\/strong>, que en muchos casos <strong>depende de la nieve para sobrevivir<\/strong>.&nbsp;<\/p>\n\n\n\n<p>A mano tenemos, por ejemplo, diferentes <strong>razas de perro<\/strong> a las que podemos ver disfrutar de la nieve, como el <a href=\"https:\/\/www.tiendanimal.es\/articulos\/cuidar-husky-cachorro\/\" target=\"_blank\" rel=\"noreferrer noopener\">Husky siberiano<\/a>, el Alaskan Malamute y el <a href=\"https:\/\/www.tiendanimal.es\/articulos\/samoyedo\/\" target=\"_blank\" rel=\"noreferrer noopener\">Samoyedo<\/a>. Y si vamos m\u00e1s all\u00e1, a <strong>espacios naturales alejados de la civilizaci\u00f3n<\/strong>, podemos encontrar toda clase de especies que destacan por su <strong>adaptaci\u00f3n a los ecosistemas de nieve<\/strong>.<\/p>\n\n\n\n<p>De esta forma, podemos mencionar al <strong>buey Almizclero del \u00c1rtico<\/strong>, cuyo pelaje es capaz de soportar temperaturas de menos 50 grados cent\u00edgrados, y al <strong>flamenco chileno<\/strong>, que anida en lagos g\u00e9lidos de monta\u00f1a y que cuenta con un sistema circulatorio a contracorriente por el que mantiene calientes tanto sus patas como su cuerpo.&nbsp;<\/p>\n\n\n\n<p>Otra de las estrategias m\u00e1s curiosas es la que realiza el <strong>ciervo de cola blanca<\/strong>, que muda su pelaje a uno m\u00e1s claro para confundirse con la nieve. Una t\u00e9cnica de camuflaje a la que tambi\u00e9n recurren el <strong>zorro \u00e1rtico, <\/strong>la <strong>comadreja y <\/strong>el<strong> armi\u00f1o<\/strong>. Yendo m\u00e1s all\u00e1, los <strong>renos<\/strong> pueden alterar el color y la estructura de sus ojos durante el invierno, cuando hay 24 horas de oscuridad en determinados h\u00e1bitats, permiti\u00e9ndoles as\u00ed adaptar su vista a las circunstancias.<\/p>\n\n\n\n<p>Y si buscamos algo sorprendente, entonces tenemos que dirigir nuestra atenci\u00f3n a las <a href=\"https:\/\/www.tiendanimal.es\/articulos\/ranas-en-el-estanque\/\" target=\"_blank\" rel=\"noreferrer noopener\"><strong>ranas<\/strong><\/a><strong> de bosque<\/strong>, que pueblan desde el sureste de Estados Unidos hasta el C\u00edrculo \u00c1rtico. Este tipo de anfibios se congelan durante los meses de invierno y cuando llega la primavera se descongelan sin sufrir ning\u00fan tipo de da\u00f1o. Algo similar pone en pr\u00e1ctica la <a href=\"https:\/\/www.tiendanimal.es\/articulos\/una-ardilla-mascota\/\" target=\"_blank\" rel=\"noreferrer noopener\"><strong>ardilla<\/strong><\/a><strong> terrestre del \u00c1rtico<\/strong>, que puede reducir su temperatura corporal por debajo del punto de congelaci\u00f3n a la hora de hibernar.<\/p>\n\n\n\n<figure class=\"wp-block-gallery has-nested-images columns-default is-cropped wp-block-gallery-1 is-layout-flex wp-block-gallery-is-layout-flex\">\n<figure class=\"wp-block-image size-large\"><a href=\"https:\/\/www.tiendanimal.es\/articulos\/wp-content\/uploads\/2022\/01\/buey-almizclero-del-artico.jpg\"><img decoding=\"async\" width=\"900\" height=\"600\" data-id=\"34245\" src=\"https:\/\/www.tiendanimal.es\/articulos\/wp-content\/uploads\/2022\/01\/buey-almizclero-del-artico.jpg\" alt=\"\" class=\"wp-image-34245\" srcset=\"https:\/\/www.tiendanimal.es\/articulos\/wp-content\/uploads\/2022\/01\/buey-almizclero-del-artico.jpg 900w, https:\/\/www.tiendanimal.es\/articulos\/wp-content\/uploads\/2022\/01\/buey-almizclero-del-artico-300x200.jpg 300w, https:\/\/www.tiendanimal.es\/articulos\/wp-content\/uploads\/2022\/01\/buey-almizclero-del-artico-768x512.jpg 768w, https:\/\/www.tiendanimal.es\/articulos\/wp-content\/uploads\/2022\/01\/buey-almizclero-del-artico-640x427.jpg 640w\" sizes=\"(max-width: 900px) 100vw, 900px\" \/><\/a><figcaption> <strong>Buey Almizclero del \u00c1rtico<\/strong> <\/figcaption><\/figure>\n\n\n\n<figure class=\"wp-block-image size-large\"><a href=\"https:\/\/www.tiendanimal.es\/articulos\/wp-content\/uploads\/2022\/01\/flamenco-chileno.jpg\"><img decoding=\"async\" width=\"600\" height=\"400\" data-id=\"34246\" src=\"https:\/\/www.tiendanimal.es\/articulos\/wp-content\/uploads\/2022\/01\/flamenco-chileno.jpg\" alt=\"\" class=\"wp-image-34246\" srcset=\"https:\/\/www.tiendanimal.es\/articulos\/wp-content\/uploads\/2022\/01\/flamenco-chileno.jpg 600w, https:\/\/www.tiendanimal.es\/articulos\/wp-content\/uploads\/2022\/01\/flamenco-chileno-300x200.jpg 300w\" sizes=\"(max-width: 600px) 100vw, 600px\" \/><\/a><figcaption> <strong>Flamenco chileno<\/strong> <\/figcaption><\/figure>\n\n\n\n<figure class=\"wp-block-image size-large\"><a href=\"https:\/\/www.tiendanimal.es\/articulos\/wp-content\/uploads\/2022\/01\/ciervo-de-cola-blanca.jpg\"><img decoding=\"async\" width=\"600\" height=\"400\" data-id=\"34247\" src=\"https:\/\/www.tiendanimal.es\/articulos\/wp-content\/uploads\/2022\/01\/ciervo-de-cola-blanca.jpg\" alt=\"\" class=\"wp-image-34247\" srcset=\"https:\/\/www.tiendanimal.es\/articulos\/wp-content\/uploads\/2022\/01\/ciervo-de-cola-blanca.jpg 600w, https:\/\/www.tiendanimal.es\/articulos\/wp-content\/uploads\/2022\/01\/ciervo-de-cola-blanca-300x200.jpg 300w\" sizes=\"(max-width: 600px) 100vw, 600px\" \/><\/a><figcaption> <strong>Ciervo de cola blanca<\/strong> <\/figcaption><\/figure>\n\n\n\n<figure class=\"wp-block-image size-large\"><a href=\"https:\/\/www.tiendanimal.es\/articulos\/wp-content\/uploads\/2022\/01\/dia-internacional-de-la-nieve-arctic-fox.jpg\"><img decoding=\"async\" width=\"529\" height=\"400\" data-id=\"34248\" src=\"https:\/\/www.tiendanimal.es\/articulos\/wp-content\/uploads\/2022\/01\/dia-internacional-de-la-nieve-arctic-fox.jpg\" alt=\"\" class=\"wp-image-34248\" srcset=\"https:\/\/www.tiendanimal.es\/articulos\/wp-content\/uploads\/2022\/01\/dia-internacional-de-la-nieve-arctic-fox.jpg 529w, https:\/\/www.tiendanimal.es\/articulos\/wp-content\/uploads\/2022\/01\/dia-internacional-de-la-nieve-arctic-fox-300x227.jpg 300w\" sizes=\"(max-width: 529px) 100vw, 529px\" \/><\/a><figcaption>Z<strong>orro \u00e1rtico<\/strong> <\/figcaption><\/figure>\n<\/figure>\n\n\n\n<p>Como puedes observar, son muchos los animales de nieve que necesitan la nieve para sobrevivir. De ah\u00ed la <strong>importancia de hacer frente al <\/strong><a href=\"https:\/\/www.tiendanimal.es\/articulos\/leishmaniasis-canina-y-cambio-climatico\/\" target=\"_blank\" rel=\"noreferrer noopener\"><strong>cambio clim\u00e1tico<\/strong><\/a>, para evitar que toda esa biodiversidad peligre.&nbsp;<\/p>\n\n\n\n<p>Recuerda que en <a href=\"https:\/\/www.tiendanimal.es\/\" target=\"_blank\" rel=\"noreferrer noopener\"><strong>Tiendanimal<\/strong><\/a> puedes encontrar todos los productos que tu mascota necesita para hacer frente a las bajas temperaturas.<\/p>\n\n\n  <style>\n  .product-container{\n    cursor:pointer;\n  }\n  a.producto-titulo{\n    font-size: 13px;line-height: 1.2;height: 62px;margin-bottom: 12px;color: #575757;font-weight:400;display:inline-block;overflow:hidden;font-family: \"Poppins\", sans-serif;\n  }\n  .producto .product-container img{\n    max-height: 126px;\n    width: auto;\n    height: auto;\n  }\n  @media (max-width: 480px){\n    a.producto-titulo{\n        font-size: 16px;\n        line-height: 1.3;\n    }\n  }\n  <\/style>\n  <div class=\"clearfix\"><\/div>\n    <div id=\"external-products-75728\" class=\"row external-products producto\" style=\"width:100%; margin:0 auto;\"><div itemprop=\"offers\" itemscope itemtype=\"http:\/\/schema.org\/Offer\" class=\"product-container\" style=\"width:24.25%;margin:0 auto;display:inline-block;\" onclick=\"dataLayer.push({'event':'crosseling_product_click', 'event_name':'crosseling_product_click', 'label':'body', 'link_url':'https:\/\/www.tiendanimal.es\/nayeco-abrigo-fleece-jacket-rojo-para-perros\/NAYPE53640.html', 'category':'Abrigos', 'product_name':'Nayeco Abrigo Fleece Jacket Rojo para perros'});window.open('https:\/\/www.tiendanimal.es\/nayeco-abrigo-fleece-jacket-rojo-para-perros\/NAYPE53640.html');\">\n      <img decoding=\"async\" src=\"https:\/\/www.tiendanimal.es\/on\/demandware.static\/-\/Sites-kiwoko-master-catalog\/default\/dw94ef9142\/images\/Nayeco_AbrigoFleece_Jacket_Rojo_perros_NAYPE53640_M.jpg\" alt=\"Nayeco Abrigo Fleece Jacket Rojo para perros\" width=\"90%\" \/><a href=\"https:\/\/www.tiendanimal.es\/nayeco-abrigo-fleece-jacket-rojo-para-perros\/NAYPE53640.html\" itemprop=\"name\" class=\"producto-titulo\" data-test=\"test\" target=\"_blank\">Nayeco Abrigo Fleece Jacket Rojo para perros<\/a>\n      <button class=\"producto-boton\" style=\"width:100%;border-radius:3px;padding:5px;\">\u00a1Lo quiero!<\/button><\/div>\n      <div itemprop=\"offers\" itemscope itemtype=\"http:\/\/schema.org\/Offer\" class=\"product-container\" style=\"width:24.25%;margin:0 auto;display:inline-block;\" onclick=\"dataLayer.push({'event':'crosseling_product_click', 'event_name':'crosseling_product_click', 'label':'body', 'link_url':'https:\/\/www.tiendanimal.es\/freedog-abrigo-impermeable-iceguard-azul-cielo-para-perros\/FED020332009.html', 'category':'Abrigos', 'product_name':'Freedog Abrigo Impermeable Iceguard Azul Cielo para perros'});window.open('https:\/\/www.tiendanimal.es\/freedog-abrigo-impermeable-iceguard-azul-cielo-para-perros\/FED020332009.html');\">\n      <img decoding=\"async\" src=\"https:\/\/www.tiendanimal.es\/on\/demandware.static\/-\/Sites-kiwoko-master-catalog\/default\/dw20cd410f\/images\/freedog_abrigo_azul_perro_FED020332004_M_2.jpg\" alt=\"Freedog Abrigo Impermeable Iceguard Azul Cielo para perros\" width=\"90%\" \/><a href=\"https:\/\/www.tiendanimal.es\/freedog-abrigo-impermeable-iceguard-azul-cielo-para-perros\/FED020332009.html\" itemprop=\"name\" class=\"producto-titulo\" data-test=\"test\" target=\"_blank\">Freedog Abrigo Impermeable Iceguard Azul Cielo para perros<\/a>\n      <button class=\"producto-boton\" style=\"width:100%;border-radius:3px;padding:5px;\">\u00a1Lo quiero!<\/button><\/div>\n      <div itemprop=\"offers\" itemscope itemtype=\"http:\/\/schema.org\/Offer\" class=\"product-container\" style=\"width:24.25%;margin:0 auto;display:inline-block;\" onclick=\"dataLayer.push({'event':'crosseling_product_click', 'event_name':'crosseling_product_click', 'label':'body', 'link_url':'https:\/\/www.tiendanimal.es\/outech-abrigo-estilo-aviador-rosa-y-azul-para-perros\/OUT43520.html', 'category':'Abrigos', 'product_name':'Outech Abrigo Estilo Aviador Rosa y Azul para perros'});window.open('https:\/\/www.tiendanimal.es\/outech-abrigo-estilo-aviador-rosa-y-azul-para-perros\/OUT43520.html');\">\n      <img decoding=\"async\" src=\"https:\/\/www.tiendanimal.es\/on\/demandware.static\/-\/Sites-kiwoko-master-catalog\/default\/dwc3dd59f8\/images\/outech_coat_aviador_azul_OUT43520_M_01.jpg\" alt=\"Outech Abrigo Estilo Aviador Rosa y Azul para perros\" width=\"90%\" \/><a href=\"https:\/\/www.tiendanimal.es\/outech-abrigo-estilo-aviador-rosa-y-azul-para-perros\/OUT43520.html\" itemprop=\"name\" class=\"producto-titulo\" data-test=\"test\" target=\"_blank\">Outech Abrigo Estilo Aviador Rosa y Azul para perros<\/a>\n      <button class=\"producto-boton\" style=\"width:100%;border-radius:3px;padding:5px;\">\u00a1Lo quiero!<\/button><\/div>\n      <div itemprop=\"offers\" itemscope itemtype=\"http:\/\/schema.org\/Offer\" class=\"product-container\" style=\"width:24.25%;margin:0 auto;display:inline-block;\" onclick=\"dataLayer.push({'event':'crosseling_product_click', 'event_name':'crosseling_product_click', 'label':'body', 'link_url':'https:\/\/www.tiendanimal.es\/outech-abrigo-azul-para-perros\/OUT43428.html', 'category':'Abrigos', 'product_name':'Outech Abrigo Azul para perros'});window.open('https:\/\/www.tiendanimal.es\/outech-abrigo-azul-para-perros\/OUT43428.html');\">\n      <img decoding=\"async\" src=\"https:\/\/www.tiendanimal.es\/on\/demandware.static\/-\/Sites-kiwoko-master-catalog\/default\/dwb433a4e6\/images\/outech_raincoat_azul_OUT43427_M_01.jpg\" alt=\"Outech Abrigo Azul para perros\" width=\"90%\" \/><a href=\"https:\/\/www.tiendanimal.es\/outech-abrigo-azul-para-perros\/OUT43428.html\" itemprop=\"name\" class=\"producto-titulo\" data-test=\"test\" target=\"_blank\">Outech Abrigo Azul para perros<\/a>\n      <button class=\"producto-boton\" style=\"width:100%;border-radius:3px;padding:5px;\">\u00a1Lo quiero!<\/button><\/div>\n      <\/div>\n    <br>\n    <div class=\"clearfix\"><\/div>\n","protected":false},"excerpt":{"rendered":"<p>Los animales que viven en la nieve destacan por su apariencia y por su capacidad de adaptaci\u00f3n<\/p>\n","protected":false},"author":43,"featured_media":34268,"comment_status":"open","ping_status":"closed","sticky":false,"template":"","format":"standard","meta":{"_acf_changed":false,"_uag_custom_page_level_css":"","site-sidebar-layout":"default","site-content-layout":"","ast-site-content-layout":"default","site-content-style":"default","site-sidebar-style":"default","ast-global-header-display":"","ast-banner-title-visibility":"","ast-main-header-display":"","ast-hfb-above-header-display":"","ast-hfb-below-header-display":"","ast-hfb-mobile-header-display":"","site-post-title":"","ast-breadcrumbs-content":"","ast-featured-img":"","footer-sml-layout":"","theme-transparent-header-meta":"","adv-header-id-meta":"","stick-header-meta":"","header-above-stick-meta":"","header-main-stick-meta":"","header-below-stick-meta":"","astra-migrate-meta-layouts":"default","ast-page-background-enabled":"default","ast-page-background-meta":{"desktop":{"background-color":"var(--ast-global-color-5)","background-image":"","background-repeat":"repeat","background-position":"center center","background-size":"auto","background-attachment":"scroll","background-type":"","background-media":"","overlay-type":"","overlay-color":"","overlay-opacity":"","overlay-gradient":""},"tablet":{"background-color":"","background-image":"","background-repeat":"repeat","background-position":"center center","background-size":"auto","background-attachment":"scroll","background-type":"","background-media":"","overlay-type":"","overlay-color":"","overlay-opacity":"","overlay-gradient":""},"mobile":{"background-color":"","background-image":"","background-repeat":"repeat","background-position":"center center","background-size":"auto","background-attachment":"scroll","background-type":"","background-media":"","overlay-type":"","overlay-color":"","overlay-opacity":"","overlay-gradient":""}},"ast-content-background-meta":{"desktop":{"background-color":"var(--ast-global-color-4)","background-image":"","background-repeat":"repeat","background-position":"center center","background-size":"auto","background-attachment":"scroll","background-type":"","background-media":"","overlay-type":"","overlay-color":"","overlay-opacity":"","overlay-gradient":""},"tablet":{"background-color":"var(--ast-global-color-4)","background-image":"","background-repeat":"repeat","background-position":"center center","background-size":"auto","background-attachment":"scroll","background-type":"","background-media":"","overlay-type":"","overlay-color":"","overlay-opacity":"","overlay-gradient":""},"mobile":{"background-color":"var(--ast-global-color-4)","background-image":"","background-repeat":"repeat","background-position":"center center","background-size":"auto","background-attachment":"scroll","background-type":"","background-media":"","overlay-type":"","overlay-color":"","overlay-opacity":"","overlay-gradient":""}},"footnotes":""},"categories":[1],"tags":[],"class_list":["post-34238","post","type-post","status-publish","format-standard","has-post-thumbnail","hentry","category-tiendanimal","generate-columns","tablet-grid-50","mobile-grid-100","grid-parent","grid-33"],"acf":[],"uagb_featured_image_src":{"full":["https:\/\/www.tiendanimal.es\/articulos\/wp-content\/uploads\/2022\/01\/Dia-Mundial-Nieve.jpg",900,600,false],"thumbnail":["https:\/\/www.tiendanimal.es\/articulos\/wp-content\/uploads\/2022\/01\/Dia-Mundial-Nieve-150x150.jpg",150,150,true],"medium":["https:\/\/www.tiendanimal.es\/articulos\/wp-content\/uploads\/2022\/01\/Dia-Mundial-Nieve-300x200.jpg",300,200,true],"medium_large":["https:\/\/www.tiendanimal.es\/articulos\/wp-content\/uploads\/2022\/01\/Dia-Mundial-Nieve-768x512.jpg",768,512,true],"large":["https:\/\/www.tiendanimal.es\/articulos\/wp-content\/uploads\/2022\/01\/Dia-Mundial-Nieve.jpg",900,600,false],"1536x1536":["https:\/\/www.tiendanimal.es\/articulos\/wp-content\/uploads\/2022\/01\/Dia-Mundial-Nieve.jpg",900,600,false],"2048x2048":["https:\/\/www.tiendanimal.es\/articulos\/wp-content\/uploads\/2022\/01\/Dia-Mundial-Nieve.jpg",900,600,false]},"uagb_author_info":{"display_name":"Miriam Zazo","author_link":"https:\/\/www.tiendanimal.es\/articulos\/author\/miriammake\/"},"uagb_comment_info":0,"uagb_excerpt":"Los animales que viven en la nieve destacan por su apariencia y por su capacidad de adaptaci\u00f3n","_links":{"self":[{"href":"https:\/\/www.tiendanimal.es\/articulos\/wp-json\/wp\/v2\/posts\/34238","targetHints":{"allow":["GET"]}}],"collection":[{"href":"https:\/\/www.tiendanimal.es\/articulos\/wp-json\/wp\/v2\/posts"}],"about":[{"href":"https:\/\/www.tiendanimal.es\/articulos\/wp-json\/wp\/v2\/types\/post"}],"author":[{"embeddable":true,"href":"https:\/\/www.tiendanimal.es\/articulos\/wp-json\/wp\/v2\/users\/43"}],"replies":[{"embeddable":true,"href":"https:\/\/www.tiendanimal.es\/articulos\/wp-json\/wp\/v2\/comments?post=34238"}],"version-history":[{"count":8,"href":"https:\/\/www.tiendanimal.es\/articulos\/wp-json\/wp\/v2\/posts\/34238\/revisions"}],"predecessor-version":[{"id":52293,"href":"https:\/\/www.tiendanimal.es\/articulos\/wp-json\/wp\/v2\/posts\/34238\/revisions\/52293"}],"wp:featuredmedia":[{"embeddable":true,"href":"https:\/\/www.tiendanimal.es\/articulos\/wp-json\/wp\/v2\/media\/34268"}],"wp:attachment":[{"href":"https:\/\/www.tiendanimal.es\/articulos\/wp-json\/wp\/v2\/media?parent=34238"}],"wp:term":[{"taxonomy":"category","embeddable":true,"href":"https:\/\/www.tiendanimal.es\/articulos\/wp-json\/wp\/v2\/categories?post=34238"},{"taxonomy":"post_tag","embeddable":true,"href":"https:\/\/www.tiendanimal.es\/articulos\/wp-json\/wp\/v2\/tags?post=34238"}],"curies":[{"name":"wp","href":"https:\/\/api.w.org\/{rel}","templated":true}]}}