{"id":33503,"date":"2021-10-01T09:00:00","date_gmt":"2021-10-01T08:00:00","guid":{"rendered":"https:\/\/www.tiendanimal.es\/articulos\/?p=33503"},"modified":"2024-10-03T11:44:48","modified_gmt":"2024-10-03T10:44:48","slug":"dia-mundial-de-los-animales-una-fecha-para-concienciar","status":"publish","type":"post","link":"https:\/\/www.tiendanimal.es\/articulos\/dia-mundial-de-los-animales-una-fecha-para-concienciar\/","title":{"rendered":"D\u00eda Mundial de los animales, una fecha para concienciar"},"content":{"rendered":"<div id=\"ez-toc-container\" class=\"ez-toc-v2_0_82_2 counter-hierarchy ez-toc-counter ez-toc-grey ez-toc-container-direction\">\n<div class=\"ez-toc-title-container\">\n<p class=\"ez-toc-title\" style=\"cursor:inherit\">\u00cdndice<\/p>\n<span class=\"ez-toc-title-toggle\"><a href=\"#\" class=\"ez-toc-pull-right ez-toc-btn ez-toc-btn-xs ez-toc-btn-default ez-toc-toggle\" aria-label=\"Alternar tabla de contenidos\"><span class=\"ez-toc-js-icon-con\"><span class=\"\"><span class=\"eztoc-hide\" style=\"display:none;\">Toggle<\/span><span class=\"ez-toc-icon-toggle-span\"><svg style=\"fill: #999;color:#999\" xmlns=\"http:\/\/www.w3.org\/2000\/svg\" class=\"list-377408\" width=\"20px\" height=\"20px\" viewBox=\"0 0 24 24\" fill=\"none\"><path d=\"M6 6H4v2h2V6zm14 0H8v2h12V6zM4 11h2v2H4v-2zm16 0H8v2h12v-2zM4 16h2v2H4v-2zm16 0H8v2h12v-2z\" fill=\"currentColor\"><\/path><\/svg><svg style=\"fill: #999;color:#999\" class=\"arrow-unsorted-368013\" xmlns=\"http:\/\/www.w3.org\/2000\/svg\" width=\"10px\" height=\"10px\" viewBox=\"0 0 24 24\" version=\"1.2\" baseProfile=\"tiny\"><path d=\"M18.2 9.3l-6.2-6.3-6.2 6.3c-.2.2-.3.4-.3.7s.1.5.3.7c.2.2.4.3.7.3h11c.3 0 .5-.1.7-.3.2-.2.3-.5.3-.7s-.1-.5-.3-.7zM5.8 14.7l6.2 6.3 6.2-6.3c.2-.2.3-.5.3-.7s-.1-.5-.3-.7c-.2-.2-.4-.3-.7-.3h-11c-.3 0-.5.1-.7.3-.2.2-.3.5-.3.7s.1.5.3.7z\"\/><\/svg><\/span><\/span><\/span><\/a><\/span><\/div>\n<nav><ul class='ez-toc-list ez-toc-list-level-1 ' ><li class='ez-toc-page-1 ez-toc-heading-level-2'><a class=\"ez-toc-link ez-toc-heading-1\" href=\"https:\/\/www.tiendanimal.es\/articulos\/dia-mundial-de-los-animales-una-fecha-para-concienciar\/#%C2%BFCuando_es_el_Dia_de_los_Animales\" >\u00bfCu\u00e1ndo es el D\u00eda de los Animales?<\/a><\/li><li class='ez-toc-page-1 ez-toc-heading-level-2'><a class=\"ez-toc-link ez-toc-heading-2\" href=\"https:\/\/www.tiendanimal.es\/articulos\/dia-mundial-de-los-animales-una-fecha-para-concienciar\/#%C2%BFPor_que_se_conmemora_el_Dia_Mundial_de_los_Animales\" >\u00bfPor qu\u00e9 se conmemora el D\u00eda Mundial de los Animales?<\/a><\/li><\/ul><\/nav><\/div>\n\n<p>Los animales forman parte de nuestra vida. Es un <strong>hecho que traspasa fronteras, culturas e ideolog\u00edas<\/strong>. Y de su preservaci\u00f3n depende nuestra propia supervivencia.&nbsp;<\/p>\n\n\n\n<p>Por eso es sumamente importante la concienciaci\u00f3n por el bienestar animal ya que, independientemente de tener un contacto m\u00e1s o menos estrecho con estos seres vivos, <strong>su aportaci\u00f3n al ecosistema es irrefutable<\/strong> hasta el punto de que cualquier peque\u00f1a alteraci\u00f3n en su estilo de vida puede romper el equilibrio biol\u00f3gico de la Tierra.<\/p>\n\n\n\n<p>De ah\u00ed que el D\u00eda Mundial de los Animales sirva para <strong>reivindicar un trato m\u00e1s \u00e9tico<\/strong> hacia estos seres vivos, y m\u00e1s teniendo en cuenta los numerosos estudios y aportaciones de investigadores que dan fe de que una convivencia pac\u00edfica entre humanos y animales es realmente beneficiosa para la sostenibilidad del planeta.<\/p>\n\n\n\n<h2 class=\"wp-block-heading\"><span class=\"ez-toc-section\" id=\"%C2%BFCuando_es_el_Dia_de_los_Animales\"><\/span>\u00bfCu\u00e1ndo es el D\u00eda de los Animales?<span class=\"ez-toc-section-end\"><\/span><\/h2>\n\n\n\n<p>El <strong>4 de octubre<\/strong> es la fecha que se escogi\u00f3 para celebrar el D\u00eda Mundial de los Animales.&nbsp;<\/p>\n\n\n\n<p>\u00bfLa raz\u00f3n? El 4 de octubre de 1929 tuvo lugar la celebraci\u00f3n de un congreso en el que la Organizaci\u00f3n Mundial de Protecci\u00f3n Animal, impulsada por el escritor y firme defensor de los derechos de estos seres vivos, <strong>Heinrich Zimmermann<\/strong>, aprob\u00f3 esta fecha con el fin de promover la conservaci\u00f3n de la fauna.<\/p>\n\n\n\n<p>Adem\u00e1s, esta efem\u00e9ride coincide con el d\u00eda en que se conmemora la obra de <strong>San Francisco de As\u00eds<\/strong>, patr\u00f3n de los animales.&nbsp;<\/p>\n\n\n\n<h2 class=\"wp-block-heading\"><span class=\"ez-toc-section\" id=\"%C2%BFPor_que_se_conmemora_el_Dia_Mundial_de_los_Animales\"><\/span>\u00bfPor qu\u00e9 se conmemora el D\u00eda Mundial de los Animales?<span class=\"ez-toc-section-end\"><\/span><\/h2>\n\n\n\n<p>El principal motivo por el que se celebra el D\u00eda Mundial de los Animales radica en la importancia que tienen estos seres vivos a la hora de <strong>garantizar una serie de condiciones que hacen posible la vida<\/strong> en la Tierra.<\/p>\n\n\n\n<p>Partiendo de esa premisa, son numerosas las organizaciones internacionales que desde hace d\u00e9cadas llevan promoviendo estrategias que aseguren el cuidado de los animales en todo el mundo. Es el caso de la <strong>Declaraci\u00f3n Universal de Derechos del Animal<\/strong>, que fue aprobada por la Organizaci\u00f3n de las Naciones Unidas (ONU), o la reciente aprobaci\u00f3n de la proposici\u00f3n de ley por la que los animales dejaron de ser considerados \u201ccosas\u201d en Espa\u00f1a.<\/p>\n\n\n\n<p>Igualmente, la contribuci\u00f3n de expertos a la hora de poner de manifiesto las m\u00faltiples bondades que conlleva la interacci\u00f3n respetuosa con los animales ha supuesto un cambio de mentalidad con el que se pretende educar a <strong>diferentes generaciones<\/strong>, especialmente a las futuras,<strong> <\/strong>en pos de preservar la sostenibilidad del planeta.<\/p>\n\n\n\n<p>En definitiva, se trata de un ejercicio de interiorizaci\u00f3n que exige continuos esfuerzos por <strong>evitar y perseguir los actos que se perpet\u00faan contra los animales<\/strong>, como la caza ilegal, el tr\u00e1fico de especies o la deforestaci\u00f3n, sin olvidar los efectos del cambio clim\u00e1tico (donde la acci\u00f3n humana influye de manera decisiva).&nbsp;<\/p>\n\n\n\n<p>Uno de los ejemplos m\u00e1s claros est\u00e1 en que, a d\u00eda de hoy, cerca de 5.200 especies animales alrededor del mundo est\u00e1n en <strong>peligro de extinci\u00f3n<\/strong>, tal y como alerta la Uni\u00f3n Internacional para la Conservaci\u00f3n de la Naturaleza.&nbsp;<\/p>\n\n\n\n<p>Por ello, se trata de <strong>fomentar la creaci\u00f3n de reservas naturales<\/strong> <strong>junto con programas <\/strong>de reproducci\u00f3n,<strong> reintroducci\u00f3n<\/strong> e incluso de mejora gen\u00e9tica con el objetivo de conservar a toda la fauna que puebla la Tierra.<\/p>\n\n\n\n<p>Con todo, entre los <strong>objetivos de desarrollo sostenible<\/strong> planteados en la ONU para 2030 se contempla la conservaci\u00f3n de los oc\u00e9anos, mares y recursos marinos, adem\u00e1s de la gesti\u00f3n de los bosques, la lucha contra la desertificaci\u00f3n, la degradaci\u00f3n de la tierra y la p\u00e9rdida de la biodiversidad, que resultan fundamentales para mantener las condiciones de vida tal y como las conocemos en el planeta.<\/p>\n\n\n\n<p><strong>Por esto y mucho m\u00e1s, en <a href=\"https:\/\/www.tiendanimal.es\/\" target=\"_blank\" rel=\"noreferrer noopener\">Tiendanimal<\/a> tambi\u00e9n celebramos hoy el D\u00eda Mundial de los Animales, apoyando y reivindicando todos los motivos por los que se celebra este d\u00eda.<\/strong><\/p>\n\n\n\n<p>Si te ha gustado este art\u00edculo y quieres leer otros similares, seguro que estos te interesan:<\/p>\n\n\n\n<ul class=\"wp-block-list\"><li><a href=\"https:\/\/www.tiendanimal.es\/articulos\/dia-mundial-de-los-oceanos\/\" target=\"_blank\" rel=\"noreferrer noopener\">D\u00eda Mundial de los Oc\u00e9anos<\/a><\/li><li><a href=\"https:\/\/www.tiendanimal.es\/articulos\/dia-internacional-de-los-bosques\/\" target=\"_blank\" rel=\"noreferrer noopener\">D\u00eda Internacional de los Bosques<\/a><\/li><li><a href=\"https:\/\/www.tiendanimal.es\/articulos\/dia-del-perro-sin-raza\/\" target=\"_blank\" rel=\"noreferrer noopener\">D\u00eda del perro sin raza<\/a><\/li><\/ul>\n\n\n\n<p class=\"has-background\" style=\"background-color:#e6f5db\">Si tu tambi\u00e9n quieres ampliar la familia e incorporar un nuevo miembro, desde<strong>&nbsp;<a href=\"https:\/\/www.tiendanimal.es\/\" target=\"_blank\" rel=\"noreferrer noopener\">Tiendanimal<\/a><\/strong>&nbsp;<strong>colaboramos con protectoras y asociaciones<\/strong>&nbsp;para darles a las mascotas que lo necesitan un nuevo hogar. P\u00e1sate por cualquiera de&nbsp;<a href=\"https:\/\/www.tiendanimal.es\/nuestras-tiendas?showMap=true&amp;horizontalView=true&amp;isForm=true\" target=\"_blank\" rel=\"noreferrer noopener\"><strong>nuestras tiendas<\/strong><\/a>&nbsp;y pregunta por nuestro&nbsp;<strong>servicio de adopci\u00f3n<\/strong>.<\/p>\n","protected":false},"excerpt":{"rendered":"<p>Descubre qu\u00e9 significa y por qu\u00e9 se celebra el D\u00eda Mundial de los Animales.<\/p>\n","protected":false},"author":88,"featured_media":43912,"comment_status":"open","ping_status":"closed","sticky":false,"template":"","format":"standard","meta":{"_acf_changed":false,"_uag_custom_page_level_css":"","site-sidebar-layout":"default","site-content-layout":"","ast-site-content-layout":"default","site-content-style":"default","site-sidebar-style":"default","ast-global-header-display":"","ast-banner-title-visibility":"","ast-main-header-display":"","ast-hfb-above-header-display":"","ast-hfb-below-header-display":"","ast-hfb-mobile-header-display":"","site-post-title":"","ast-breadcrumbs-content":"","ast-featured-img":"","footer-sml-layout":"","theme-transparent-header-meta":"","adv-header-id-meta":"","stick-header-meta":"","header-above-stick-meta":"","header-main-stick-meta":"","header-below-stick-meta":"","astra-migrate-meta-layouts":"default","ast-page-background-enabled":"default","ast-page-background-meta":{"desktop":{"background-color":"var(--ast-global-color-5)","background-image":"","background-repeat":"repeat","background-position":"center center","background-size":"auto","background-attachment":"scroll","background-type":"","background-media":"","overlay-type":"","overlay-color":"","overlay-opacity":"","overlay-gradient":""},"tablet":{"background-color":"","background-image":"","background-repeat":"repeat","background-position":"center center","background-size":"auto","background-attachment":"scroll","background-type":"","background-media":"","overlay-type":"","overlay-color":"","overlay-opacity":"","overlay-gradient":""},"mobile":{"background-color":"","background-image":"","background-repeat":"repeat","background-position":"center center","background-size":"auto","background-attachment":"scroll","background-type":"","background-media":"","overlay-type":"","overlay-color":"","overlay-opacity":"","overlay-gradient":""}},"ast-content-background-meta":{"desktop":{"background-color":"var(--ast-global-color-4)","background-image":"","background-repeat":"repeat","background-position":"center center","background-size":"auto","background-attachment":"scroll","background-type":"","background-media":"","overlay-type":"","overlay-color":"","overlay-opacity":"","overlay-gradient":""},"tablet":{"background-color":"var(--ast-global-color-4)","background-image":"","background-repeat":"repeat","background-position":"center center","background-size":"auto","background-attachment":"scroll","background-type":"","background-media":"","overlay-type":"","overlay-color":"","overlay-opacity":"","overlay-gradient":""},"mobile":{"background-color":"var(--ast-global-color-4)","background-image":"","background-repeat":"repeat","background-position":"center center","background-size":"auto","background-attachment":"scroll","background-type":"","background-media":"","overlay-type":"","overlay-color":"","overlay-opacity":"","overlay-gradient":""}},"footnotes":""},"categories":[1,3562,3506],"tags":[3552],"class_list":["post-33503","post","type-post","status-publish","format-standard","has-post-thumbnail","hentry","category-tiendanimal","category-sabias-que","category-territorio-animal","tag-curiosidades","generate-columns","tablet-grid-50","mobile-grid-100","grid-parent","grid-33"],"acf":[],"uagb_featured_image_src":{"full":["https:\/\/www.tiendanimal.es\/articulos\/wp-content\/uploads\/2021\/10\/dia-mundial-del-animal.jpg",900,600,false],"thumbnail":["https:\/\/www.tiendanimal.es\/articulos\/wp-content\/uploads\/2021\/10\/dia-mundial-del-animal-150x150.jpg",150,150,true],"medium":["https:\/\/www.tiendanimal.es\/articulos\/wp-content\/uploads\/2021\/10\/dia-mundial-del-animal-300x200.jpg",300,200,true],"medium_large":["https:\/\/www.tiendanimal.es\/articulos\/wp-content\/uploads\/2021\/10\/dia-mundial-del-animal-768x512.jpg",768,512,true],"large":["https:\/\/www.tiendanimal.es\/articulos\/wp-content\/uploads\/2021\/10\/dia-mundial-del-animal.jpg",900,600,false],"1536x1536":["https:\/\/www.tiendanimal.es\/articulos\/wp-content\/uploads\/2021\/10\/dia-mundial-del-animal.jpg",900,600,false],"2048x2048":["https:\/\/www.tiendanimal.es\/articulos\/wp-content\/uploads\/2021\/10\/dia-mundial-del-animal.jpg",900,600,false]},"uagb_author_info":{"display_name":"Tiendanimal","author_link":"https:\/\/www.tiendanimal.es\/articulos\/author\/lucia\/"},"uagb_comment_info":0,"uagb_excerpt":"Descubre qu\u00e9 significa y por qu\u00e9 se celebra el D\u00eda Mundial de los Animales.","_links":{"self":[{"href":"https:\/\/www.tiendanimal.es\/articulos\/wp-json\/wp\/v2\/posts\/33503","targetHints":{"allow":["GET"]}}],"collection":[{"href":"https:\/\/www.tiendanimal.es\/articulos\/wp-json\/wp\/v2\/posts"}],"about":[{"href":"https:\/\/www.tiendanimal.es\/articulos\/wp-json\/wp\/v2\/types\/post"}],"author":[{"embeddable":true,"href":"https:\/\/www.tiendanimal.es\/articulos\/wp-json\/wp\/v2\/users\/88"}],"replies":[{"embeddable":true,"href":"https:\/\/www.tiendanimal.es\/articulos\/wp-json\/wp\/v2\/comments?post=33503"}],"version-history":[{"count":10,"href":"https:\/\/www.tiendanimal.es\/articulos\/wp-json\/wp\/v2\/posts\/33503\/revisions"}],"predecessor-version":[{"id":77475,"href":"https:\/\/www.tiendanimal.es\/articulos\/wp-json\/wp\/v2\/posts\/33503\/revisions\/77475"}],"wp:featuredmedia":[{"embeddable":true,"href":"https:\/\/www.tiendanimal.es\/articulos\/wp-json\/wp\/v2\/media\/43912"}],"wp:attachment":[{"href":"https:\/\/www.tiendanimal.es\/articulos\/wp-json\/wp\/v2\/media?parent=33503"}],"wp:term":[{"taxonomy":"category","embeddable":true,"href":"https:\/\/www.tiendanimal.es\/articulos\/wp-json\/wp\/v2\/categories?post=33503"},{"taxonomy":"post_tag","embeddable":true,"href":"https:\/\/www.tiendanimal.es\/articulos\/wp-json\/wp\/v2\/tags?post=33503"}],"curies":[{"name":"wp","href":"https:\/\/api.w.org\/{rel}","templated":true}]}}