{"id":30903,"date":"2021-03-02T09:00:00","date_gmt":"2021-03-02T08:00:00","guid":{"rendered":"https:\/\/www.tiendanimal.es\/articulos\/?p=30903"},"modified":"2021-03-02T08:46:30","modified_gmt":"2021-03-02T07:46:30","slug":"dia-internacional-de-los-bosques","status":"publish","type":"post","link":"https:\/\/www.tiendanimal.es\/articulos\/dia-internacional-de-los-bosques\/","title":{"rendered":"D\u00eda Internacional de los Bosques"},"content":{"rendered":"<div id=\"ez-toc-container\" class=\"ez-toc-v2_0_82_2 counter-hierarchy ez-toc-counter ez-toc-grey ez-toc-container-direction\">\n<div class=\"ez-toc-title-container\">\n<p class=\"ez-toc-title\" style=\"cursor:inherit\">\u00cdndice<\/p>\n<span class=\"ez-toc-title-toggle\"><a href=\"#\" class=\"ez-toc-pull-right ez-toc-btn ez-toc-btn-xs ez-toc-btn-default ez-toc-toggle\" aria-label=\"Alternar tabla de contenidos\"><span class=\"ez-toc-js-icon-con\"><span class=\"\"><span class=\"eztoc-hide\" style=\"display:none;\">Toggle<\/span><span class=\"ez-toc-icon-toggle-span\"><svg style=\"fill: #999;color:#999\" xmlns=\"http:\/\/www.w3.org\/2000\/svg\" class=\"list-377408\" width=\"20px\" height=\"20px\" viewBox=\"0 0 24 24\" fill=\"none\"><path d=\"M6 6H4v2h2V6zm14 0H8v2h12V6zM4 11h2v2H4v-2zm16 0H8v2h12v-2zM4 16h2v2H4v-2zm16 0H8v2h12v-2z\" fill=\"currentColor\"><\/path><\/svg><svg style=\"fill: #999;color:#999\" class=\"arrow-unsorted-368013\" xmlns=\"http:\/\/www.w3.org\/2000\/svg\" width=\"10px\" height=\"10px\" viewBox=\"0 0 24 24\" version=\"1.2\" baseProfile=\"tiny\"><path d=\"M18.2 9.3l-6.2-6.3-6.2 6.3c-.2.2-.3.4-.3.7s.1.5.3.7c.2.2.4.3.7.3h11c.3 0 .5-.1.7-.3.2-.2.3-.5.3-.7s-.1-.5-.3-.7zM5.8 14.7l6.2 6.3 6.2-6.3c.2-.2.3-.5.3-.7s-.1-.5-.3-.7c-.2-.2-.4-.3-.7-.3h-11c-.3 0-.5.1-.7.3-.2.2-.3.5-.3.7s.1.5.3.7z\"\/><\/svg><\/span><\/span><\/span><\/a><\/span><\/div>\n<nav><ul class='ez-toc-list ez-toc-list-level-1 ' ><li class='ez-toc-page-1 ez-toc-heading-level-2'><a class=\"ez-toc-link ez-toc-heading-1\" href=\"https:\/\/www.tiendanimal.es\/articulos\/dia-internacional-de-los-bosques\/#%C2%BFCuando_es_el_Dia_Internacional_de_los_Bosques\" >\u00bfCu\u00e1ndo es el D\u00eda Internacional de los Bosques?<\/a><\/li><li class='ez-toc-page-1 ez-toc-heading-level-2'><a class=\"ez-toc-link ez-toc-heading-2\" href=\"https:\/\/www.tiendanimal.es\/articulos\/dia-internacional-de-los-bosques\/#%C2%BFPor_que_se_conmemora_el_Dia_de_los_Bosques\" >\u00bfPor qu\u00e9 se conmemora el D\u00eda de los Bosques?<\/a><\/li><li class='ez-toc-page-1 ez-toc-heading-level-2'><a class=\"ez-toc-link ez-toc-heading-3\" href=\"https:\/\/www.tiendanimal.es\/articulos\/dia-internacional-de-los-bosques\/#La_labor_de_los_bosques_en_el_mantenimiento_de_la_biodiversidad\" >La labor de los bosques en el mantenimiento de la biodiversidad<\/a><\/li><\/ul><\/nav><\/div>\n\n<p>Los bosques representan el pulm\u00f3n vegetal del planeta Tierra y favorecen la conservaci\u00f3n de la vida en \u00e9l.  En Tiendanimal, te contamos todo sobre \u00e9l, en el d\u00eda internacional de los bosques. <strong>Todas las \u00e1reas forestales cubren un tercio de la superficie terrestre<\/strong>, y albergan el 80% de las especies de flora y fauna. <\/p>\n\n\n\n<p>Sin embargo, con el paso de los a\u00f1os, <strong>el ser humano ha hecho un uso indiscriminado de estas \u00e1reas<\/strong>. Debido a sus actividades, la p\u00e9rdida de \u00e1rboles y vegetaci\u00f3n ha ido en aumento, lo que ha generado como consecuencia una deforestaci\u00f3n que no ha cesado. Esto se traduce en un desequilibrio y peligro para la poblaci\u00f3n, puesto que se incrementan los niveles de contaminaci\u00f3n y se deteriora la biodiversidad.<\/p>\n\n\n\n<p><strong>Los bosques son nuestra principal fuente de alimentos, medicina y combustible<\/strong>. Contribuyen a la prevenci\u00f3n del cambio clim\u00e1tico y ayudan a la protecci\u00f3n de los suelos. Pero la realidad es que, cada d\u00eda, el propio ser humano es quien \u201ctrabaja\u201d en contra de su preservaci\u00f3n.<\/p>\n\n\n\n<h2 class=\"wp-block-heading\"><span class=\"ez-toc-section\" id=\"%C2%BFCuando_es_el_Dia_Internacional_de_los_Bosques\"><\/span>\u00bfCu\u00e1ndo es el D\u00eda Internacional de los Bosques?<span class=\"ez-toc-section-end\"><\/span><\/h2>\n\n\n\n<p>El D\u00eda Internacional del Bosque <strong>se celebra todos los 21 de marzo de cada a\u00f1o<\/strong>. Esta fecha fue seleccionada por ser el d\u00eda en que comienza la primavera en el hemisferio boreal y el oto\u00f1o en el hemisferio austral.<\/p>\n\n\n\n<p>En diciembre del a\u00f1o 2012, la Asamblea General de la Organizaci\u00f3n de las Naciones Unidas (ONU) declar\u00f3 el 21 de marzo como el D\u00eda Mundial de los Bosques, <strong>con la meta principal de preservar las \u00e1reas forestales<\/strong> y concienciar al ser humano de la importancia de cuidar los bosques para la supervivencia de su propia especie y de las dem\u00e1s.<\/p>\n\n\n\n<h2 class=\"wp-block-heading\"><span class=\"ez-toc-section\" id=\"%C2%BFPor_que_se_conmemora_el_Dia_de_los_Bosques\"><\/span>\u00bfPor qu\u00e9 se conmemora el D\u00eda de los Bosques?<span class=\"ez-toc-section-end\"><\/span><\/h2>\n\n\n\n<p>Este d\u00eda se conmemora oficialmente desde el 2013, y su objetivo es generar consciencia acerca de la importancia que tienen los \u00e1rboles en la vida del planeta. El D\u00eda Internacional de los Bosques es un momento para <strong>alentar a los pa\u00edses y organizaciones de todo el mundo a que adopten iniciativas locales y nacionales<\/strong> que vayan en pro de su conservaci\u00f3n.<\/p>\n\n\n\n<p><strong>Cada a\u00f1o se elige un tema para celebrar<\/strong> y llevar por el mundo el rol esencial que cumplen los \u00e1rboles y toda su diversidad en la permanencia de la vida sobre la Tierra. En el 2020 se trabaj\u00f3 el tema \u201cBosques y biodiversidad\u201d, y <strong>en el 2021 ser\u00e1 la \u201cRestauraci\u00f3n forestal: un camino a la recuperaci\u00f3n y el bienestar\u201d.<\/strong><\/p>\n\n\n\n<p>El incentivo del citado tema viene dado por los m\u00e1s de <strong>10 millones de hect\u00e1reas de bosques que se pierden al a\u00f1o,<\/strong> que van en detrimento de la conservaci\u00f3n del planeta. Con la deforestaci\u00f3n, los niveles de gases aumentan y el calentamiento global empeora, adem\u00e1s que el 8% de las plantas y el 5% de los animales que hacen vida en los bosques est\u00e1n, cada vez m\u00e1s, en peligro de extinci\u00f3n.<\/p>\n\n\n\n<p>Todas estas actividades hacen que el D\u00eda Internacional de los Bosques sea una forma de llamar la atenci\u00f3n sobre las consecuencias que dichas actividades ocasionan y el riesgo que estas implican para los seres vivos.<\/p>\n\n\n\n<h2 class=\"wp-block-heading\"><span class=\"ez-toc-section\" id=\"La_labor_de_los_bosques_en_el_mantenimiento_de_la_biodiversidad\"><\/span>La labor de los bosques en el mantenimiento de la biodiversidad<span class=\"ez-toc-section-end\"><\/span><\/h2>\n\n\n\n<p><strong>Los bosques son el hogar del 75% de la biodiversidad que existe en el planeta<\/strong>. Las zonas boscosas aportan todos los recursos naturales que los seres humanos necesitan para vivir, como el agua y el aire.<\/p>\n\n\n\n<p>La biodiversidad hace referencia a la cantidad y variedad de seres que habitan en un mismo lugar y que <strong>desempe\u00f1an un rol esencial para que los ecosistemas funcionen y se desarrollen correctamente. <\/strong>Es aqu\u00ed donde los bosques intervienen como refugio de una amplia cantidad de especies y seres vivos que contribuyen a la producci\u00f3n y progreso de la vida en la Tierra.<\/p>\n\n\n\n<p>La conservaci\u00f3n de las extensiones de bosques es crucial, porque de su mantenimiento depende la existencia de los seres vivos. Y esto se debe a que <strong>los bosques aportan aire, agua, nutrientes, minerales, alimentos, combustible y medicinas naturales<\/strong> que favorecen al correcto desenvolvimiento del planeta.<\/p>\n\n\n\n<p>De estos aspectos surge la importancia del <strong>D\u00eda Internacional de los Bosques, para entender la labor que cumplen estos espacios naturales<\/strong> en el sustento y protecci\u00f3n de los distintos seres que habitamos la Tierra.<\/p>\n\n\n\n<h3 class=\"wp-block-heading\">Consejos para cuidar los bosques<\/h3>\n\n\n\n<p>Conservar los bosques y el planeta es una tarea de todos, y <strong>podemos aportar nuestro grano de arena desde el lugar en el que nos encontramos<\/strong> cumpliendo una serie de h\u00e1bitos:<\/p>\n\n\n\n<ul class=\"wp-block-list\"><li><strong>Reciclar: <\/strong>Reutilizar todos los materiales que podamos, como el papel, el pl\u00e1stico, el aluminio o el cart\u00f3n, es una forma ecol\u00f3gica de aportar a la preservaci\u00f3n de los bosques.<\/li><li><strong>Evitar el tabaco:<\/strong> La cantidad de cianuro y mon\u00f3xido de carbono que se libera con el uso del cigarro aumenta los niveles de contaminaci\u00f3n.<\/li><li><strong>Evitar las hogueras:<\/strong> Esta pr\u00e1ctica, muy com\u00fan, puede causar grandes incendios forestales, lo cual contribuir\u00eda a la quema de \u00e1rboles y hect\u00e1reas de bosques, as\u00ed como a la contaminaci\u00f3n ambiental.<\/li><li><strong>Reforestaci\u00f3n: <\/strong>Sembrar una peque\u00f1a planta en tu casa o jard\u00edn puede tener un impacto positivo y aporta equilibrio al planeta. Plantar \u00e1rboles crea un aire m\u00e1s puro y limpio, y trae grandes beneficios para la salud.<\/li><\/ul>\n\n\n\n<p>El D\u00eda Mundial de los Bosques es una oportunidad que tenemos para ser m\u00e1s conscientes de los da\u00f1os que traen las actividades que degradan cada a\u00f1o las zonas forestales y, en consecuencia, a la diversidad de especies y al ser humano. <strong>Conmemorar este d\u00eda es recordar la importancia de los bosques para nuestra supervivencia<\/strong> y la de la Tierra.<\/p>\n","protected":false},"excerpt":{"rendered":"<p>Los bosques representan el pulm\u00f3n vegetal del planeta Tierra y favorecen la conservaci\u00f3n de la vida en \u00e9l. En Tiendanimal, te contamos todo sobre \u00e9l, &#8230; <a title=\"D\u00eda Internacional de los Bosques\" class=\"read-more\" href=\"https:\/\/www.tiendanimal.es\/articulos\/dia-internacional-de-los-bosques\/\">Leer m\u00e1s<\/a><\/p>\n","protected":false},"author":43,"featured_media":30905,"comment_status":"open","ping_status":"closed","sticky":false,"template":"","format":"standard","meta":{"_acf_changed":false,"_uag_custom_page_level_css":"","site-sidebar-layout":"default","site-content-layout":"","ast-site-content-layout":"default","site-content-style":"default","site-sidebar-style":"default","ast-global-header-display":"","ast-banner-title-visibility":"","ast-main-header-display":"","ast-hfb-above-header-display":"","ast-hfb-below-header-display":"","ast-hfb-mobile-header-display":"","site-post-title":"","ast-breadcrumbs-content":"","ast-featured-img":"","footer-sml-layout":"","theme-transparent-header-meta":"","adv-header-id-meta":"","stick-header-meta":"","header-above-stick-meta":"","header-main-stick-meta":"","header-below-stick-meta":"","astra-migrate-meta-layouts":"default","ast-page-background-enabled":"default","ast-page-background-meta":{"desktop":{"background-color":"var(--ast-global-color-5)","background-image":"","background-repeat":"repeat","background-position":"center center","background-size":"auto","background-attachment":"scroll","background-type":"","background-media":"","overlay-type":"","overlay-color":"","overlay-opacity":"","overlay-gradient":""},"tablet":{"background-color":"","background-image":"","background-repeat":"repeat","background-position":"center center","background-size":"auto","background-attachment":"scroll","background-type":"","background-media":"","overlay-type":"","overlay-color":"","overlay-opacity":"","overlay-gradient":""},"mobile":{"background-color":"","background-image":"","background-repeat":"repeat","background-position":"center center","background-size":"auto","background-attachment":"scroll","background-type":"","background-media":"","overlay-type":"","overlay-color":"","overlay-opacity":"","overlay-gradient":""}},"ast-content-background-meta":{"desktop":{"background-color":"var(--ast-global-color-4)","background-image":"","background-repeat":"repeat","background-position":"center center","background-size":"auto","background-attachment":"scroll","background-type":"","background-media":"","overlay-type":"","overlay-color":"","overlay-opacity":"","overlay-gradient":""},"tablet":{"background-color":"var(--ast-global-color-4)","background-image":"","background-repeat":"repeat","background-position":"center center","background-size":"auto","background-attachment":"scroll","background-type":"","background-media":"","overlay-type":"","overlay-color":"","overlay-opacity":"","overlay-gradient":""},"mobile":{"background-color":"var(--ast-global-color-4)","background-image":"","background-repeat":"repeat","background-position":"center center","background-size":"auto","background-attachment":"scroll","background-type":"","background-media":"","overlay-type":"","overlay-color":"","overlay-opacity":"","overlay-gradient":""}},"footnotes":""},"categories":[1110],"tags":[],"class_list":["post-30903","post","type-post","status-publish","format-standard","has-post-thumbnail","hentry","category-curiosidades","generate-columns","tablet-grid-50","mobile-grid-100","grid-parent","grid-33"],"acf":[],"uagb_featured_image_src":{"full":["https:\/\/www.tiendanimal.es\/articulos\/wp-content\/uploads\/2021\/02\/D\u00eda-Internacional-de-los-Bosques.jpg",900,600,false],"thumbnail":["https:\/\/www.tiendanimal.es\/articulos\/wp-content\/uploads\/2021\/02\/D\u00eda-Internacional-de-los-Bosques-150x150.jpg",150,150,true],"medium":["https:\/\/www.tiendanimal.es\/articulos\/wp-content\/uploads\/2021\/02\/D\u00eda-Internacional-de-los-Bosques-300x200.jpg",300,200,true],"medium_large":["https:\/\/www.tiendanimal.es\/articulos\/wp-content\/uploads\/2021\/02\/D\u00eda-Internacional-de-los-Bosques-768x512.jpg",768,512,true],"large":["https:\/\/www.tiendanimal.es\/articulos\/wp-content\/uploads\/2021\/02\/D\u00eda-Internacional-de-los-Bosques.jpg",900,600,false],"1536x1536":["https:\/\/www.tiendanimal.es\/articulos\/wp-content\/uploads\/2021\/02\/D\u00eda-Internacional-de-los-Bosques.jpg",900,600,false],"2048x2048":["https:\/\/www.tiendanimal.es\/articulos\/wp-content\/uploads\/2021\/02\/D\u00eda-Internacional-de-los-Bosques.jpg",900,600,false]},"uagb_author_info":{"display_name":"Miriam Zazo","author_link":"https:\/\/www.tiendanimal.es\/articulos\/author\/miriammake\/"},"uagb_comment_info":1,"uagb_excerpt":"Los bosques representan el pulm\u00f3n vegetal del planeta Tierra y favorecen la conservaci\u00f3n de la vida en \u00e9l. En Tiendanimal, te contamos todo sobre \u00e9l, ... Leer m\u00e1s","_links":{"self":[{"href":"https:\/\/www.tiendanimal.es\/articulos\/wp-json\/wp\/v2\/posts\/30903","targetHints":{"allow":["GET"]}}],"collection":[{"href":"https:\/\/www.tiendanimal.es\/articulos\/wp-json\/wp\/v2\/posts"}],"about":[{"href":"https:\/\/www.tiendanimal.es\/articulos\/wp-json\/wp\/v2\/types\/post"}],"author":[{"embeddable":true,"href":"https:\/\/www.tiendanimal.es\/articulos\/wp-json\/wp\/v2\/users\/43"}],"replies":[{"embeddable":true,"href":"https:\/\/www.tiendanimal.es\/articulos\/wp-json\/wp\/v2\/comments?post=30903"}],"version-history":[{"count":2,"href":"https:\/\/www.tiendanimal.es\/articulos\/wp-json\/wp\/v2\/posts\/30903\/revisions"}],"predecessor-version":[{"id":30922,"href":"https:\/\/www.tiendanimal.es\/articulos\/wp-json\/wp\/v2\/posts\/30903\/revisions\/30922"}],"wp:featuredmedia":[{"embeddable":true,"href":"https:\/\/www.tiendanimal.es\/articulos\/wp-json\/wp\/v2\/media\/30905"}],"wp:attachment":[{"href":"https:\/\/www.tiendanimal.es\/articulos\/wp-json\/wp\/v2\/media?parent=30903"}],"wp:term":[{"taxonomy":"category","embeddable":true,"href":"https:\/\/www.tiendanimal.es\/articulos\/wp-json\/wp\/v2\/categories?post=30903"},{"taxonomy":"post_tag","embeddable":true,"href":"https:\/\/www.tiendanimal.es\/articulos\/wp-json\/wp\/v2\/tags?post=30903"}],"curies":[{"name":"wp","href":"https:\/\/api.w.org\/{rel}","templated":true}]}}