{"id":13593,"date":"2023-05-23T12:12:54","date_gmt":"2023-05-23T11:12:54","guid":{"rendered":"http:\/\/www.tiendanimal.es\/articulos\/?p=13593"},"modified":"2024-12-18T15:13:47","modified_gmt":"2024-12-18T14:13:47","slug":"dia-del-perro-sin-raza","status":"publish","type":"post","link":"https:\/\/www.tiendanimal.es\/articulos\/dia-del-perro-sin-raza\/","title":{"rendered":"Este a\u00f1o adopta un perro sin raza"},"content":{"rendered":"<div id=\"ez-toc-container\" class=\"ez-toc-v2_0_82_2 counter-hierarchy ez-toc-counter ez-toc-grey ez-toc-container-direction\">\n<div class=\"ez-toc-title-container\">\n<p class=\"ez-toc-title\" style=\"cursor:inherit\">\u00cdndice<\/p>\n<span class=\"ez-toc-title-toggle\"><a href=\"#\" class=\"ez-toc-pull-right ez-toc-btn ez-toc-btn-xs ez-toc-btn-default ez-toc-toggle\" aria-label=\"Alternar tabla de contenidos\"><span class=\"ez-toc-js-icon-con\"><span class=\"\"><span class=\"eztoc-hide\" style=\"display:none;\">Toggle<\/span><span class=\"ez-toc-icon-toggle-span\"><svg style=\"fill: #999;color:#999\" xmlns=\"http:\/\/www.w3.org\/2000\/svg\" class=\"list-377408\" width=\"20px\" height=\"20px\" viewBox=\"0 0 24 24\" fill=\"none\"><path d=\"M6 6H4v2h2V6zm14 0H8v2h12V6zM4 11h2v2H4v-2zm16 0H8v2h12v-2zM4 16h2v2H4v-2zm16 0H8v2h12v-2z\" fill=\"currentColor\"><\/path><\/svg><svg style=\"fill: #999;color:#999\" class=\"arrow-unsorted-368013\" xmlns=\"http:\/\/www.w3.org\/2000\/svg\" width=\"10px\" height=\"10px\" viewBox=\"0 0 24 24\" version=\"1.2\" baseProfile=\"tiny\"><path d=\"M18.2 9.3l-6.2-6.3-6.2 6.3c-.2.2-.3.4-.3.7s.1.5.3.7c.2.2.4.3.7.3h11c.3 0 .5-.1.7-.3.2-.2.3-.5.3-.7s-.1-.5-.3-.7zM5.8 14.7l6.2 6.3 6.2-6.3c.2-.2.3-.5.3-.7s-.1-.5-.3-.7c-.2-.2-.4-.3-.7-.3h-11c-.3 0-.5.1-.7.3-.2.2-.3.5-.3.7s.1.5.3.7z\"\/><\/svg><\/span><\/span><\/span><\/a><\/span><\/div>\n<nav><ul class='ez-toc-list ez-toc-list-level-1 ' ><li class='ez-toc-page-1 ez-toc-heading-level-2'><a class=\"ez-toc-link ez-toc-heading-1\" href=\"https:\/\/www.tiendanimal.es\/articulos\/dia-del-perro-sin-raza\/#Dia_mundial_del_perro_sin_raza\" >D\u00eda mundial del perro sin raza<\/a><\/li><li class='ez-toc-page-1 ez-toc-heading-level-2'><a class=\"ez-toc-link ez-toc-heading-2\" href=\"https:\/\/www.tiendanimal.es\/articulos\/dia-del-perro-sin-raza\/#Beneficios_de_adoptar_un_perro_sin_raza\" >Beneficios de adoptar un perro sin raza<\/a><\/li><li class='ez-toc-page-1 ez-toc-heading-level-2'><a class=\"ez-toc-link ez-toc-heading-3\" href=\"https:\/\/www.tiendanimal.es\/articulos\/dia-del-perro-sin-raza\/#%C2%BFComo_puedes_adoptar_un_perro_sin_raza\" >\u00bfC\u00f3mo puedes adoptar un perro sin raza?<\/a><\/li><\/ul><\/nav><\/div>\n\n<p>El <strong>28 de mayo<\/strong> se conmemora el <strong>D\u00eda del Perro sin Raza<\/strong> para rendir homenaje a la figura de este animal y a su particular belleza. En la cita se pretende <strong>concienciar a la sociedad sobre la importancia de la adopci\u00f3n<\/strong>, tanto de perros sin raza como de <strong>raza<\/strong>.<\/p>\n\n\n\n<p>Se trata, por tanto, de una fecha necesaria para resaltar y hacer ver a todo el mundo la cantidad de perros que esperan para ser adoptados desde las <strong><a href=\"https:\/\/www.fundacion-affinity.org\/perros-gatos-y-personas\/busco-un-animal-de-compania\/mapa-de-protectoras-animales-espana\" target=\"_blank\" rel=\"noreferrer noopener nofollow\">protectoras de animales<\/a><\/strong>.<\/p>\n\n\n\n<h2 class=\"wp-block-heading\"><span class=\"ez-toc-section\" id=\"Dia_mundial_del_perro_sin_raza\"><\/span>D\u00eda mundial del perro sin raza<span class=\"ez-toc-section-end\"><\/span><\/h2>\n\n\n\n<p>El hecho de <strong>ser un perro sin raza significa muchas cosas<\/strong> que hay que tener en cuenta y que est\u00e1n recogidas en el <strong>manifiesto del d\u00eda internacional del perro sin raza<\/strong>: cada uno de estos perros son originales y \u00fanicos, de igual belleza que otros perros de raza, al ser mestizos suelen ser m\u00e1s sanos, su car\u00e1cter viene dado por la gen\u00e9tica natural, son perros tan buenos como cualquier otro y, sobre todo, son igual de queridos por sus due\u00f1os que el resto de mascotas, sean de pedigr\u00ed o no. Ante la pregunta \u201c\u00bfde qu\u00e9 raza es?\u201d, sencillamente se puede contestar con un orgulloso \u201ces mi perro, no hay otro igual\u201d.<\/p>\n\n\n\n<blockquote class=\"wp-block-quote is-layout-flow wp-block-quote-is-layout-flow\"><p>El lema del D\u00eda del Perro sin Raza es <strong>\u201cT\u00fa eres \u00fanico, tu perro tambi\u00e9n\u201d<\/strong>.<\/p><p><\/p><\/blockquote>\n\n\n\n<p>Independientemente de la raza del perro, es una realidad que las protectoras est\u00e1n pr\u00e1cticamente llenas, en especial de perros que no son de raza. Estos animales no son mucho m\u00e1s diferentes que los perros de raza, y <strong>se convertir\u00e1n en tu mejor amigo<\/strong> independientemente de su tama\u00f1o o pelaje.&nbsp;<\/p>\n\n\n\n<p>A veces, no hay m\u00e1s que acercarse a una protectora sin ninguna expectativa para encontrar exactamente lo que pide tu coraz\u00f3n. Y si no que se lo digan a Elena, que se qued\u00f3 prendada de Nina nada m\u00e1s verla. Un caso de adopci\u00f3n:<\/p>\n\n\n\n<blockquote class=\"wp-block-quote is-layout-flow wp-block-quote-is-layout-flow\"><p><em>\u00abMe decid\u00ed a adoptar a Nina porque desde que la vi la primera vez en el box supe que era ella la que ten\u00eda que venirse a casa, transmit\u00eda&nbsp; todo con una mirada. En casa vive con Dalia, podenca de 8 a\u00f1os, que en un principio cuando Nina lleg\u00f3 estuvo 10 d\u00edas mirando a la pared sin ni siquiera mirarnos a nosotros. Ahora, son inseparables. No puedo salir a la calle con una sola.\u00bb<\/em><\/p><\/blockquote>\n\n\n\n<figure class=\"wp-block-gallery has-nested-images columns-default is-cropped wp-block-gallery-1 is-layout-flex wp-block-gallery-is-layout-flex\">\n<figure class=\"wp-block-image size-large\"><a href=\"https:\/\/www.tiendanimal.es\/articulos\/wp-content\/uploads\/2022\/05\/adopta-un-perro-mestizo.jpg\"><img decoding=\"async\" width=\"640\" height=\"480\" data-id=\"35388\" src=\"https:\/\/www.tiendanimal.es\/articulos\/wp-content\/uploads\/2022\/05\/adopta-un-perro-mestizo.jpg\" alt=\"\" class=\"wp-image-35388\" srcset=\"https:\/\/www.tiendanimal.es\/articulos\/wp-content\/uploads\/2022\/05\/adopta-un-perro-mestizo.jpg 640w, https:\/\/www.tiendanimal.es\/articulos\/wp-content\/uploads\/2022\/05\/adopta-un-perro-mestizo-300x225.jpg 300w\" sizes=\"(max-width: 640px) 100vw, 640px\" \/><\/a><\/figure>\n\n\n\n<figure class=\"wp-block-image size-large\"><a href=\"https:\/\/www.tiendanimal.es\/articulos\/wp-content\/uploads\/2022\/05\/adopta-nina-mayo-mestizo.jpg\"><img decoding=\"async\" width=\"640\" height=\"480\" data-id=\"35389\" src=\"https:\/\/www.tiendanimal.es\/articulos\/wp-content\/uploads\/2022\/05\/adopta-nina-mayo-mestizo.jpg\" alt=\"\" class=\"wp-image-35389\" srcset=\"https:\/\/www.tiendanimal.es\/articulos\/wp-content\/uploads\/2022\/05\/adopta-nina-mayo-mestizo.jpg 640w, https:\/\/www.tiendanimal.es\/articulos\/wp-content\/uploads\/2022\/05\/adopta-nina-mayo-mestizo-300x225.jpg 300w\" sizes=\"(max-width: 640px) 100vw, 640px\" \/><\/a><\/figure>\n\n\n\n<figure class=\"wp-block-image size-large\"><a href=\"https:\/\/www.tiendanimal.es\/articulos\/wp-content\/uploads\/2022\/05\/historia-nina-mayo.jpg\"><img decoding=\"async\" width=\"640\" height=\"853\" data-id=\"35387\" src=\"https:\/\/www.tiendanimal.es\/articulos\/wp-content\/uploads\/2022\/05\/historia-nina-mayo.jpg\" alt=\"\" class=\"wp-image-35387\" srcset=\"https:\/\/www.tiendanimal.es\/articulos\/wp-content\/uploads\/2022\/05\/historia-nina-mayo.jpg 640w, https:\/\/www.tiendanimal.es\/articulos\/wp-content\/uploads\/2022\/05\/historia-nina-mayo-225x300.jpg 225w\" sizes=\"(max-width: 640px) 100vw, 640px\" \/><\/a><\/figure>\n<\/figure>\n\n\n\n<p>Si est\u00e1s pensando en adoptar a un peludo como Elena y tienes inter\u00e9s en darle una segunda vida a un perro sin raza tienes todas las <strong>claves y consejos para saber todo lo que necesitas antes de acoger a tu nueva mascota<\/strong> en nuestro art\u00edculo <strong><a href=\"https:\/\/www.tiendanimal.es\/articulos\/perros-mestizos\/\">Los perros mestizos<\/a><\/strong>.<\/p>\n\n\n\n<h2 class=\"wp-block-heading\"><span class=\"ez-toc-section\" id=\"Beneficios_de_adoptar_un_perro_sin_raza\"><\/span>Beneficios de adoptar un perro sin raza<span class=\"ez-toc-section-end\"><\/span><\/h2>\n\n\n\n<p>La adopci\u00f3n de perros en Espa\u00f1a ha sufrido un importante aumento en los \u00faltimos a\u00f1os, pero a\u00fan son muchos los animales abandonados y sin hogar. La periodista <strong>Melisa Tuya, responsable de esta iniciativa<\/strong> junto al peri\u00f3dico 20minutos, lleva desde el a\u00f1o 2004 -2021 con su blog <strong><a href=\"https:\/\/blogs.20minutos.es\/animalesenadopcion\/\" target=\"_blank\" rel=\"noreferrer noopener nofollow\">En Busca de una Segunda Oportunidad<\/a><\/strong> ayudando a los animales y explicando las <strong>ventajas de adoptar un perrito sin raza<\/strong> y noticias sobre mascotas en<strong><a href=\"https:\/\/www.20minutos.es\/animaleros\/\" target=\"_blank\" rel=\"noreferrer noopener nofollow\"> Animaleros<\/a><\/strong>. <\/p>\n\n\n\n<p>A continuaci\u00f3n compartimos dos de sus principales argumentos para adoptar un perro sin raza:<\/p>\n\n\n\n<h3 class=\"wp-block-heading\">Elige un perro sin raza y disfruta de una mascota sana y fiel: <\/h3>\n\n\n\n<p>Los perros sin raza reciben distintos nombres en tono despectivo, pero lo cierto es que <strong>son animales \u00fanicos que se adaptan f\u00e1cilmente al entorno<\/strong> y que incluso <strong>pueden tener una mayor resistencia a las enfermedades<\/strong>. Si eres due\u00f1o de un perro sin raza, seguro que puedes contar con los dedos de una mano las veces que has tenido que acudir al veterinario aparte de las visitas rutinarias. Muchos de estos animales provienen de protectoras de animales y perreras, por lo que sin duda agradecer\u00e1n los gestos de cari\u00f1o y el tener un hogar.<\/p>\n\n\n\n<h3 class=\"wp-block-heading\">Ad\u00f3ptales, recibir\u00e1s mucho m\u00e1s de lo que piensas:<\/h3>\n\n\n\n<p>Los peludos tienen la capacidad de acumular todo ese cari\u00f1o que reciben de sus amos y de devolverlo multiplicado por mil. Si has adoptado un perro recientemente, seguro que lo has podido comprobar. Pero antes es necesario saber que adoptar un perro exige de responsabilidad y hacer frente a los gastos de veterinario, vacunas, comida y los posibles ajustes en el hogar. Un animal no solo requiere de mimos y ternura, sino que tambi\u00e9n hay que proporcionarle los cuidados adecuados y muchas atenciones. Los perros sin raza derrochan cari\u00f1o y <strong>buscan un lugar en los hogares de las familias espa\u00f1olas<\/strong>.<\/p>\n\n\n\n<h2 class=\"wp-block-heading\"><span class=\"ez-toc-section\" id=\"%C2%BFComo_puedes_adoptar_un_perro_sin_raza\"><\/span>\u00bfC\u00f3mo puedes adoptar un perro sin raza?<span class=\"ez-toc-section-end\"><\/span><\/h2>\n\n\n\n<p>En cualquier protectora de tu provincia encontrar\u00e1s todo tipo de perros, tanto perros con pedigr\u00ed como perros sin raza. Nosotros te recomendamos que te acerques a una de ellas y preguntes por el ejemplar que m\u00e1s se acerca a tus necesidades y caracter\u00edsticas. \u00bfTe gusta viajar y hacer deporte o tienes un piso peque\u00f1o y disfrutas m\u00e1s en casa? En estos centros <strong>te ayudar\u00e1n a enamorarte de un peludo al que le dar\u00e1s la mejor vida <\/strong>que pueda imaginar. \u00a1Ya lo ver\u00e1s!<\/p>\n\n\n\n<blockquote class=\"wp-block-quote is-layout-flow wp-block-quote-is-layout-flow\"><p>Y adem\u00e1s&#8230; \u00bfSab\u00edas que puedes <strong>adoptar perros y gatos a trav\u00e9s de Tiendanimal<\/strong>? Con <strong><a href=\"https:\/\/www.tiendanimal.es\/servicios\/adopta-con-tiendanimal\/\" target=\"_blank\" rel=\"noreferrer noopener\">Adopta con Tiendanimal<\/a><\/strong> puedes acceder a animales en adopci\u00f3n de protectoras y asociaciones cercanas a ti. Da el primer paso y cambia una vida (\u00a1o m\u00e1s!) hoy mismo.<\/p><\/blockquote>\n\n\n\n<div class=\"wp-block-buttons is-content-justification-center is-layout-flex wp-container-core-buttons-is-layout-a89b3969 wp-block-buttons-is-layout-flex\">\n<div class=\"wp-block-button\"><a class=\"wp-block-button__link\" href=\"https:\/\/www.tiendanimal.es\/servicios\/adopta-con-tiendanimal\/\" target=\"_blank\" rel=\"noreferrer noopener\">VISITAR ADOPTA CON TIENDANIMAL<\/a><\/div>\n<\/div>\n\n\n\n<div style=\"height:10px\" aria-hidden=\"true\" class=\"wp-block-spacer\"><\/div>\n\n\n\n<p>Rememora con nosotros alguna de nuestras \u00faltimas <a href=\"https:\/\/www.tiendanimal.es\/articulos\/territorio-animal\/adopciones\/\"><strong>historias de adopci\u00f3n<\/strong><\/a> para animarte a dar el paso:<\/p>\n\n\n\n<div class=\"wp-block-media-text is-stacked-on-mobile is-vertically-aligned-center has-background\" style=\"background-color:#e6f5db;grid-template-columns:39% auto\"><figure class=\"wp-block-media-text__media\"><a href=\"https:\/\/www.tiendanimal.es\/articulos\/historias-de-adopcion-hera-y-marta\/\"><img decoding=\"async\" width=\"1000\" height=\"667\" src=\"https:\/\/www.tiendanimal.es\/articulos\/wp-content\/uploads\/2023\/03\/Historias-de-adopcion-Hera.jpg\" alt=\"Historias-de-adopcion-Hera\" class=\"wp-image-38700 size-full\" srcset=\"https:\/\/www.tiendanimal.es\/articulos\/wp-content\/uploads\/2023\/03\/Historias-de-adopcion-Hera.jpg 1000w, https:\/\/www.tiendanimal.es\/articulos\/wp-content\/uploads\/2023\/03\/Historias-de-adopcion-Hera-300x200.jpg 300w, https:\/\/www.tiendanimal.es\/articulos\/wp-content\/uploads\/2023\/03\/Historias-de-adopcion-Hera-768x512.jpg 768w\" sizes=\"(max-width: 1000px) 100vw, 1000px\" \/><\/a><\/figure><div class=\"wp-block-media-text__content\">\n<h3 class=\"wp-block-heading\">Hera y Marta<\/h3>\n<\/div><\/div>\n\n\n\n<div class=\"wp-block-media-text is-stacked-on-mobile has-background\" style=\"background-color:#e6f5db;grid-template-columns:39% auto\"><figure class=\"wp-block-media-text__media\"><a href=\"https:\/\/www.tiendanimal.es\/articulos\/historias-de-adopcion-maggie-y-cristina\/\"><img decoding=\"async\" width=\"1000\" height=\"667\" src=\"https:\/\/www.tiendanimal.es\/articulos\/wp-content\/uploads\/2022\/12\/Historia-de-adopcion-Maggie.jpg\" alt=\"Historia de adopci\u00f3n Maggie\" class=\"wp-image-37314 size-full\" srcset=\"https:\/\/www.tiendanimal.es\/articulos\/wp-content\/uploads\/2022\/12\/Historia-de-adopcion-Maggie.jpg 1000w, https:\/\/www.tiendanimal.es\/articulos\/wp-content\/uploads\/2022\/12\/Historia-de-adopcion-Maggie-300x200.jpg 300w, https:\/\/www.tiendanimal.es\/articulos\/wp-content\/uploads\/2022\/12\/Historia-de-adopcion-Maggie-768x512.jpg 768w\" sizes=\"(max-width: 1000px) 100vw, 1000px\" \/><\/a><\/figure><div class=\"wp-block-media-text__content\">\n<h3 class=\"wp-block-heading\">Maggie y Cristina<\/h3>\n<\/div><\/div>\n\n\n\n<div class=\"wp-block-media-text is-stacked-on-mobile has-background\" style=\"background-color:#e6f5db;grid-template-columns:39% auto\"><figure class=\"wp-block-media-text__media\"><a href=\"https:\/\/www.tiendanimal.es\/articulos\/historias-de-adopcion-kenya-y-daniel\/\"><img decoding=\"async\" width=\"1000\" height=\"631\" src=\"https:\/\/www.tiendanimal.es\/articulos\/wp-content\/uploads\/2023\/01\/fotoencasa1.jpg\" alt=\"historia de adopci\u00f3n Kenya y Daniel\" class=\"wp-image-37742 size-full\" srcset=\"https:\/\/www.tiendanimal.es\/articulos\/wp-content\/uploads\/2023\/01\/fotoencasa1.jpg 1000w, https:\/\/www.tiendanimal.es\/articulos\/wp-content\/uploads\/2023\/01\/fotoencasa1-300x189.jpg 300w, https:\/\/www.tiendanimal.es\/articulos\/wp-content\/uploads\/2023\/01\/fotoencasa1-768x485.jpg 768w\" sizes=\"(max-width: 1000px) 100vw, 1000px\" \/><\/a><\/figure><div class=\"wp-block-media-text__content\">\n<h3 class=\"wp-block-heading\">Kenya y Daniel<\/h3>\n<\/div><\/div>\n\n\n\n<p class=\"has-background\" style=\"background-color:#e6f5db\"> El<strong> 28 de mayo <\/strong>es el D\u00eda del Perro sin Raza, una fecha para compartir las experiencias compartidas con estas fieles mascotas, publicar sus fotos en las redes sociales y contar a todos lo satisfactorio que resulta a nivel personal adoptar estos animales. Es un d\u00eda dedicado a estos perros que en ocasiones han estado mal vistos y que han podido llegar a sufrir alg\u00fan tipo de discriminaci\u00f3n. Sus fotograf\u00edas invadir\u00e1n las redes sociales y \u00a1todos los internautas podr\u00e1n apreciar la belleza de estos perros que no tienen raza!<\/p>\n\n\n\n<p>Y adem\u00e1s, no te pierdas estos posts que pueden ser de tu inter\u00e9s:<\/p>\n\n\n\n<ul class=\"wp-block-list\"><li><strong><a href=\"https:\/\/www.tiendanimal.es\/articulos\/a-que-peligros-se-enfrentan-los-perros-de-la-calle\/\">\u00bfA qu\u00e9 peligros se enfrentan los perros abandonados de la calle? <\/a><\/strong><\/li><li><strong><a href=\"https:\/\/www.tiendanimal.es\/articulos\/adoptar-perro-mayor\/\">Beneficios de adoptar un perro mayor<\/a><\/strong><\/li><li><strong><a href=\"https:\/\/www.tiendanimal.es\/articulos\/adoptar-otro-perro-en-casa-cuando-es-conveniente\/\">Adoptar otro perro en casa \u00bfCu\u00e1ndo es conveniente?<\/a><\/strong><\/li><\/ul>\n\n\n\n<p class=\"has-background\" style=\"background-color:#e6f5db\">Si t\u00fa tambi\u00e9n quieres ampliar la familia, en <strong><a href=\"https:\/\/www.tiendanimal.es\/\" target=\"_blank\" rel=\"noreferrer noopener\">Tiendanimal<\/a><\/strong> colaboramos con <strong>protectoras y asociaciones<\/strong> para ayudar a los animales que buscan un hogar. P\u00e1sate por cualquiera de\u00a0<strong><a href=\"https:\/\/tiendas.tiendanimal.es\/\" target=\"_blank\" rel=\"noreferrer noopener\">nuestras tiendas<\/a><\/strong>\u00a0y pregunta por nuestro\u00a0<strong>servicio de adopci\u00f3n<\/strong>. Adem\u00e1s, visita nuestra plataforma <strong><a href=\"https:\/\/www.tiendanimal.es\/servicios\/adopta-con-tiendanimal\/\" target=\"_blank\" rel=\"noreferrer noopener\">Adopta con Tiendanimal<\/a><\/strong> y encuentra al compa\u00f1ero de cuatro patas que lleva toda la vida esper\u00e1ndote. \u00a1Tu mejor amigo est\u00e1 aqu\u00ed!<\/p>\n","protected":false},"excerpt":{"rendered":"<p>El 28 de mayo se conmemora el D\u00eda del Perro sin Raza para rendir homenaje a la figura de este animal. \u00a1Celebra este d\u00eda adoptando un perro!<\/p>\n","protected":false},"author":88,"featured_media":35386,"comment_status":"open","ping_status":"closed","sticky":false,"template":"","format":"standard","meta":{"_acf_changed":false,"_uag_custom_page_level_css":"","site-sidebar-layout":"default","site-content-layout":"","ast-site-content-layout":"default","site-content-style":"default","site-sidebar-style":"default","ast-global-header-display":"","ast-banner-title-visibility":"","ast-main-header-display":"","ast-hfb-above-header-display":"","ast-hfb-below-header-display":"","ast-hfb-mobile-header-display":"","site-post-title":"","ast-breadcrumbs-content":"","ast-featured-img":"","footer-sml-layout":"","theme-transparent-header-meta":"","adv-header-id-meta":"","stick-header-meta":"","header-above-stick-meta":"","header-main-stick-meta":"","header-below-stick-meta":"","astra-migrate-meta-layouts":"default","ast-page-background-enabled":"default","ast-page-background-meta":{"desktop":{"background-color":"var(--ast-global-color-5)","background-image":"","background-repeat":"repeat","background-position":"center center","background-size":"auto","background-attachment":"scroll","background-type":"","background-media":"","overlay-type":"","overlay-color":"","overlay-opacity":"","overlay-gradient":""},"tablet":{"background-color":"","background-image":"","background-repeat":"repeat","background-position":"center center","background-size":"auto","background-attachment":"scroll","background-type":"","background-media":"","overlay-type":"","overlay-color":"","overlay-opacity":"","overlay-gradient":""},"mobile":{"background-color":"","background-image":"","background-repeat":"repeat","background-position":"center center","background-size":"auto","background-attachment":"scroll","background-type":"","background-media":"","overlay-type":"","overlay-color":"","overlay-opacity":"","overlay-gradient":""}},"ast-content-background-meta":{"desktop":{"background-color":"var(--ast-global-color-4)","background-image":"","background-repeat":"repeat","background-position":"center center","background-size":"auto","background-attachment":"scroll","background-type":"","background-media":"","overlay-type":"","overlay-color":"","overlay-opacity":"","overlay-gradient":""},"tablet":{"background-color":"var(--ast-global-color-4)","background-image":"","background-repeat":"repeat","background-position":"center center","background-size":"auto","background-attachment":"scroll","background-type":"","background-media":"","overlay-type":"","overlay-color":"","overlay-opacity":"","overlay-gradient":""},"mobile":{"background-color":"var(--ast-global-color-4)","background-image":"","background-repeat":"repeat","background-position":"center center","background-size":"auto","background-attachment":"scroll","background-type":"","background-media":"","overlay-type":"","overlay-color":"","overlay-opacity":"","overlay-gradient":""}},"footnotes":""},"categories":[3506,3507],"tags":[3520],"class_list":["post-13593","post","type-post","status-publish","format-standard","has-post-thumbnail","hentry","category-territorio-animal","category-adopciones","tag-adopciones","generate-columns","tablet-grid-50","mobile-grid-100","grid-parent","grid-33"],"acf":[],"uagb_featured_image_src":{"full":["https:\/\/www.tiendanimal.es\/articulos\/wp-content\/uploads\/2016\/05\/Adopta-un-perro-sin-raza.jpg",900,600,false],"thumbnail":["https:\/\/www.tiendanimal.es\/articulos\/wp-content\/uploads\/2016\/05\/Adopta-un-perro-sin-raza-150x150.jpg",150,150,true],"medium":["https:\/\/www.tiendanimal.es\/articulos\/wp-content\/uploads\/2016\/05\/Adopta-un-perro-sin-raza-300x200.jpg",300,200,true],"medium_large":["https:\/\/www.tiendanimal.es\/articulos\/wp-content\/uploads\/2016\/05\/Adopta-un-perro-sin-raza-768x512.jpg",768,512,true],"large":["https:\/\/www.tiendanimal.es\/articulos\/wp-content\/uploads\/2016\/05\/Adopta-un-perro-sin-raza.jpg",900,600,false],"1536x1536":["https:\/\/www.tiendanimal.es\/articulos\/wp-content\/uploads\/2016\/05\/Adopta-un-perro-sin-raza.jpg",900,600,false],"2048x2048":["https:\/\/www.tiendanimal.es\/articulos\/wp-content\/uploads\/2016\/05\/Adopta-un-perro-sin-raza.jpg",900,600,false]},"uagb_author_info":{"display_name":"Tiendanimal","author_link":"https:\/\/www.tiendanimal.es\/articulos\/author\/lucia\/"},"uagb_comment_info":2,"uagb_excerpt":"El 28 de mayo se conmemora el D\u00eda del Perro sin Raza para rendir homenaje a la figura de este animal. \u00a1Celebra este d\u00eda adoptando un perro!","_links":{"self":[{"href":"https:\/\/www.tiendanimal.es\/articulos\/wp-json\/wp\/v2\/posts\/13593","targetHints":{"allow":["GET"]}}],"collection":[{"href":"https:\/\/www.tiendanimal.es\/articulos\/wp-json\/wp\/v2\/posts"}],"about":[{"href":"https:\/\/www.tiendanimal.es\/articulos\/wp-json\/wp\/v2\/types\/post"}],"author":[{"embeddable":true,"href":"https:\/\/www.tiendanimal.es\/articulos\/wp-json\/wp\/v2\/users\/88"}],"replies":[{"embeddable":true,"href":"https:\/\/www.tiendanimal.es\/articulos\/wp-json\/wp\/v2\/comments?post=13593"}],"version-history":[{"count":19,"href":"https:\/\/www.tiendanimal.es\/articulos\/wp-json\/wp\/v2\/posts\/13593\/revisions"}],"predecessor-version":[{"id":67863,"href":"https:\/\/www.tiendanimal.es\/articulos\/wp-json\/wp\/v2\/posts\/13593\/revisions\/67863"}],"wp:featuredmedia":[{"embeddable":true,"href":"https:\/\/www.tiendanimal.es\/articulos\/wp-json\/wp\/v2\/media\/35386"}],"wp:attachment":[{"href":"https:\/\/www.tiendanimal.es\/articulos\/wp-json\/wp\/v2\/media?parent=13593"}],"wp:term":[{"taxonomy":"category","embeddable":true,"href":"https:\/\/www.tiendanimal.es\/articulos\/wp-json\/wp\/v2\/categories?post=13593"},{"taxonomy":"post_tag","embeddable":true,"href":"https:\/\/www.tiendanimal.es\/articulos\/wp-json\/wp\/v2\/tags?post=13593"}],"curies":[{"name":"wp","href":"https:\/\/api.w.org\/{rel}","templated":true}]}}